{"id":12602,"date":"2019-10-10T11:34:15","date_gmt":"2019-10-10T14:34:15","guid":{"rendered":"http:\/\/www.ifbaiano.edu.br\/unidades\/santaines\/?p=12602"},"modified":"2019-10-10T11:41:22","modified_gmt":"2019-10-10T14:41:22","slug":"if-baiano-lanca-edital-para-cursos-tecnicos-com-280-vagas-para-santa-ines","status":"publish","type":"post","link":"https:\/\/www.ifbaiano.edu.br\/unidades\/santaines\/if-baiano-lanca-edital-para-cursos-tecnicos-com-280-vagas-para-santa-ines\/","title":{"rendered":"IF Baiano lan\u00e7a Edital para Cursos T\u00e9cnicos com 280 vagas para Santa In\u00eas"},"content":{"rendered":"\n<p>De 23 de setembro a 3 de novembro de 2019, estar\u00e3o abertas inscri\u00e7\u00f5es do processo de ingresso de estudantes em cursos t\u00e9cnicos de n\u00edvel m\u00e9dio do Instituto Federal Baiano (IF Baiano), institui\u00e7\u00e3o presente em 15 cidades no estado. No&nbsp;<em>Campus<\/em> Santa In\u00eas, est\u00e3o dispon\u00edveis cursos da forma integrada: Agropecu\u00e1ria (70 vagas), Alimentos (70 vagas) e Zootecnia (70 vagas); e curso da forma subsequente: Inform\u00e1tica (70 vagas).<\/p>\n\n\n\n<p>Os cursos t\u00e9cnicos na forma Integrada ao Ensino M\u00e9dio s\u00e3o destinados a candidatos que conclu\u00edram, ou est\u00e3o concluindo, o Ensino Fundamental ou equivalente. Neste caso, o estudante faz o ensino m\u00e9dio junto com o profissionalizante dentro do IF Baiano. J\u00e1 os cursos t\u00e9cnicos na forma Subsequente s\u00e3o para quem j\u00e1 concluiu, ou est\u00e1 perto de concluir, o Ensino M\u00e9dio.<\/p>\n\n\n\n<p><strong>Como fazer a inscri\u00e7\u00e3o<\/strong><\/p>\n\n\n\n<p>Para se inscrever, os interessados devem acessar ingresso.ifbaiano.edu.br e preencher o cadastro <em>on-line<\/em>. Antes, \u00e9 recomendado que o candidato leia o&nbsp;<strong><a href=\"http:\/\/concurso.ifbaiano.edu.br\/portal\/ingresso-de-estudantes-2020\">Edital 108\/2019<\/a><\/strong>(para cursos da forma Integrada) e&nbsp;<strong><a href=\"http:\/\/concurso.ifbaiano.edu.br\/portal\/ingresso-de-estudantes-2020\">Edital 109\/2019<\/a><\/strong>&nbsp;(para cursos da forma Subsequente), onde est\u00e3o dispon\u00edveis todas as informa\u00e7\u00f5es do Processo de Ingresso.<\/p>\n\n\n\n<p>Ao preencher o cadastro, o candidato poder\u00e1 optar por at\u00e9 duas op\u00e7\u00f5es de curso, indicando a ordem de prefer\u00eancia, e escolher&nbsp;<em>campus<\/em>, semestre de oferta e turno para cada uma das op\u00e7\u00f5es.<\/p>\n\n\n\n<p>A taxa de inscri\u00e7\u00e3o \u00e9 no valor de valor de R$ 30,00 (trinta reais) e dever\u00e1 ser paga atrav\u00e9s de boleto gerado pelo sistema. Candidatos com cadastro no Cad\u00danico poder\u00e3o solicitar dispensa do pagamento da taxa, no per\u00edodo entre 23 de setembro a 9 de outubro de 2019, indicando, no momento da inscri\u00e7\u00e3o, a op\u00e7\u00e3o pela isen\u00e7\u00e3o e informando o N\u00famero de Identifica\u00e7\u00e3o Social (NIS).<\/p>\n\n\n\n<p><strong>Como funciona&nbsp;<\/strong><strong>o sistema de reserva de vagas<\/strong><\/p>\n\n\n\n<p>Para os cursos da forma Integrada, 70% das vagas s\u00e3o reservadas a estudantes oriundos de escolas p\u00fablicas, 25% para ampla concorr\u00eancia e 5% para pessoa com defici\u00eancia. Para os cursos da forma Subsequente, reserva de vagas \u00e9 50% para estudantes oriundos de escola p\u00fablica, 45% ampla concorr\u00eancia e 5% para pessoa com defici\u00eancia.<\/p>\n\n\n\n<p><strong>E<\/strong><strong>xame de conhecimentos<\/strong><\/p>\n\n\n\n<p>Este ano, o processo de ingresso ter\u00e1 como m\u00e9todo de classifica\u00e7\u00e3o o Exame de Conhecimentos. As provas ser\u00e3o aplicadas no dia 1\u00ba de dezembro de 2019, no turno vespertino, nas cidades Alagoinhas, Bom Jesus da Lapa, Catu, Governador Mangabeira, Guanambi, Itaberaba, Itapetinga, Santa In\u00eas, Senhor do Bonfim, Serrinha, Teixeira de Freitas, Uru\u00e7uca, Valen\u00e7a e Xique-Xique.<\/p>\n\n\n\n<p>No momento da inscri\u00e7\u00e3o, o candidato poder\u00e1 indicar em qual cidade gostaria de realizar o exame. Mas, a distribui\u00e7\u00e3o dos locais de prova ser\u00e1 divulgada ap\u00f3s o per\u00edodo de inscri\u00e7\u00f5es, sendo responsabilidade do candidato acompanhar a p\u00e1gina do processo seletivo (ingresso.ifbaiano.edu.br) para verificar a informa\u00e7\u00e3o.<\/p>\n\n\n\n<p>Os exames ser\u00e3o compostos por 40 quest\u00f5es objetivas das \u00e1reas de L\u00edngua Portuguesa, Matem\u00e1tica, Ci\u00eancias humanas e suas tecnologias e Ci\u00eancias da natureza e suas tecnologias. O conte\u00fado program\u00e1tico, bem como outras informa\u00e7\u00f5es sobre a prova, est\u00e3o dispon\u00edveis nos editais.<\/p>\n\n\n\n<p>Acompanhe o processo de ingresso na p\u00e1gina ingresso.ifbaiano.edu.br.&nbsp;<\/p>\n\n\n\n<p><em>D\u00favidas podem ser encaminhadas para o e-mail da Funda\u00e7\u00e3o CEFETMINAS:&nbsp;<a href=\"mailto:ifbaiano@fundacaocefetminas.org.br\">ifbaiano@fundacaocefetminas.org.br<\/a>.<\/em><\/p>\n","protected":false},"excerpt":{"rendered":"<p>Este ano, o processo de ingresso ter\u00e1   como m\u00e9todo de classifica\u00e7\u00e3o o Exame de Conhecimentos.<\/p>\n","protected":false},"author":86,"featured_media":12605,"comment_status":"closed","ping_status":"closed","sticky":false,"template":"","format":"standard","meta":[],"categories":[4,13,5,10,8],"tags":[],"_links":{"self":[{"href":"https:\/\/www.ifbaiano.edu.br\/unidades\/santaines\/wp-json\/wp\/v2\/posts\/12602"}],"collection":[{"href":"https:\/\/www.ifbaiano.edu.br\/unidades\/santaines\/wp-json\/wp\/v2\/posts"}],"about":[{"href":"https:\/\/www.ifbaiano.edu.br\/unidades\/santaines\/wp-json\/wp\/v2\/types\/post"}],"author":[{"embeddable":true,"href":"https:\/\/www.ifbaiano.edu.br\/unidades\/santaines\/wp-json\/wp\/v2\/users\/86"}],"replies":[{"embeddable":true,"href":"https:\/\/www.ifbaiano.edu.br\/unidades\/santaines\/wp-json\/wp\/v2\/comments?post=12602"}],"version-history":[{"count":3,"href":"https:\/\/www.ifbaiano.edu.br\/unidades\/santaines\/wp-json\/wp\/v2\/posts\/12602\/revisions"}],"predecessor-version":[{"id":12756,"href":"https:\/\/www.ifbaiano.edu.br\/unidades\/santaines\/wp-json\/wp\/v2\/posts\/12602\/revisions\/12756"}],"wp:featuredmedia":[{"embeddable":true,"href":"https:\/\/www.ifbaiano.edu.br\/unidades\/santaines\/wp-json\/wp\/v2\/media\/12605"}],"wp:attachment":[{"href":"https:\/\/www.ifbaiano.edu.br\/unidades\/santaines\/wp-json\/wp\/v2\/media?parent=12602"}],"wp:term":[{"taxonomy":"category","embeddable":true,"href":"https:\/\/www.ifbaiano.edu.br\/unidades\/santaines\/wp-json\/wp\/v2\/categories?post=12602"},{"taxonomy":"post_tag","embeddable":true,"href":"https:\/\/www.ifbaiano.edu.br\/unidades\/santaines\/wp-json\/wp\/v2\/tags?post=12602"}],"curies":[{"name":"wp","href":"https:\/\/api.w.org\/{rel}","templated":true}]}}