{"id":12613,"date":"2019-09-09T14:36:59","date_gmt":"2019-09-09T17:36:59","guid":{"rendered":"http:\/\/www.ifbaiano.edu.br\/unidades\/santaines\/?p=12613"},"modified":"2019-09-17T12:59:37","modified_gmt":"2019-09-17T15:59:37","slug":"gesarh-campus-santa-ines-lanca-edital-para-selecao-de-estudantes","status":"publish","type":"post","link":"https:\/\/www.ifbaiano.edu.br\/unidades\/santaines\/gesarh-campus-santa-ines-lanca-edital-para-selecao-de-estudantes\/","title":{"rendered":"GESARH, Campus Santa In\u00eas, lan\u00e7a edital para sele\u00e7\u00e3o de estudantes"},"content":{"rendered":"\n<p>O Grupo de Estudos Socioambientais com \u00canfase em Recursos H\u00eddricos \u2013Vale do Jiquiri\u00e7\u00e1 (GESARH), do IF Baiano Campus Santa In\u00eas, seleciona graduados ou graduandos dos Cursos de Licenciaturas  em  Ci\u00eancias  Biol\u00f3gicas  e Geografia,  Bacharelado  em  Zootecnia, PROEJA,  T\u00e9cnicos  integrado  e subsequente que  t\u00eam  interesse  em  participar do GESARH.<\/p>\n\n\n\n<p>O GESARH destina-se a congregar profissionais, estudantes e atuantes na \u00e1rea socioambiental, tendo por finalidade promover cursos, simp\u00f3sios,  semin\u00e1rios, encontros  t\u00e9cnicos,  palestras,  debates,  dias  de  campo  e demais eventos que possam contribuir para a eleva\u00e7\u00e3o dos conhecimentos, al\u00e9m de promover  a  reflex\u00e3o,  constante  treinamento  e  aperfei\u00e7oamento  de  estudantes  de ensino  t\u00e9cnico  de  n\u00edvel  m\u00e9dio,  gradua\u00e7\u00e3o  e de  p\u00f3s-gradua\u00e7\u00e3o  em  atividades  de Ensino, Pesquisa e Extens\u00e3o na referida \u00e1rea.<\/p>\n\n\n\n<p>Est\u00e3o abertas 47 vagas com vista a desenvolvimento de projetos cadastrados  nas  Coordena\u00e7\u00f5es  de  Ensino,  Pesquisa  ou  Extens\u00e3o,  a  depender  da natureza dos mesmos.    <\/p>\n\n\n\n<p><strong>As inscri\u00e7\u00f5es dos interessados dever\u00e3o ser efetuadas pela Internet<\/strong> preenchendo o <strong><a href=\"https:\/\/forms.gle\/d3Jm2hswYyceGNZeA\">formul\u00e1rio <\/a><\/strong><em><strong><a href=\"https:\/\/forms.gle\/d3Jm2hswYyceGNZeA\">online<\/a><\/strong><\/em><strong> <\/strong>com indica\u00e7\u00e3o de, no m\u00e1ximo, duas linhas de pesquisas, <strong>no per\u00edodo de 10 a 13 de setembro de 2019<\/strong>.  O discente dever\u00e1 optar posteriormente por atuar em apenas uma linha de pesquisa.  <\/p>\n\n\n\n<p>A sele\u00e7\u00e3o consistir\u00e1 em duas etapas classificat\u00f3rias: entrevista e an\u00e1lise do hist\u00f3rico escolar, que dever\u00e1 ser apresentado no dia da entrevista. A participa\u00e7\u00e3o do discente no GESARH resultante da presente sele\u00e7\u00e3o \u00e9 volunt\u00e1ria, a qual ser\u00e1 formalizada e certificada mediante os procedimentos institucionais vigentes.<\/p>\n\n\n\n<p><strong>Publicadas as rela\u00e7\u00f5es dos candidatos com hor\u00e1rios das entrevistas<\/strong><\/p>\n\n\n\n<p><strong><a href=\"http:\/\/www.ifbaiano.edu.br\/unidades\/santaines\/files\/2019\/09\/Hor\u00e1rios-das-entrevistas-Segunda-feira.pdf\">Segunda-Feira (23)<\/a> &#8211;  <a href=\"http:\/\/www.ifbaiano.edu.br\/unidades\/santaines\/files\/2019\/09\/Hor%C3%A1rios-das-entrevistas-Ter%C3%A7a-feira.pdf\">Ter\u00e7a-Feira (24)<\/a> &#8211; <a href=\"http:\/\/www.ifbaiano.edu.br\/unidades\/santaines\/files\/2019\/09\/Hor\u00e1rios-das-entrevistas-Quarta-feira.pdf\">Quarta-Feira (25)<\/a><\/strong><\/p>\n\n\n\n<p><strong>Clique para acessar a <a href=\"http:\/\/www.ifbaiano.edu.br\/unidades\/santaines\/files\/2019\/09\/Lista-Homologa\u00e7\u00e3o.pdf\">Lista de Inscri\u00e7\u00f5es Homologadas<\/a><\/strong><\/p>\n\n\n\n<p><strong>Para mais informa\u00e7\u00f5es <\/strong><a href=\"http:\/\/www.ifbaiano.edu.br\/unidades\/santaines\/files\/2019\/09\/Edital-GESARH.pdf\"><strong>Clique AQUI<\/strong><\/a><strong> e veja o EDITAL.<\/strong><\/p>\n","protected":false},"excerpt":{"rendered":"<p>O Grupo de Estudos Socioambientais com \u00canfase em Recursos H\u00eddricos \u2013Vale do Jiquiri\u00e7\u00e1 (GESARH), do IF Baiano Campus Santa In\u00eas, seleciona graduados ou graduandos dos Cursos de Licenciaturas em Ci\u00eancias Biol\u00f3gicas e Geografia, Bacharelado em Zootecnia, PROEJA, T\u00e9cnicos integrado e subsequente que t\u00eam interesse em participar do GESARH. O GESARH destina-se a congregar profissionais, estudantes [&hellip;]<\/p>\n","protected":false},"author":86,"featured_media":12626,"comment_status":"closed","ping_status":"closed","sticky":false,"template":"","format":"standard","meta":[],"categories":[4,38,10,8,57],"tags":[],"_links":{"self":[{"href":"https:\/\/www.ifbaiano.edu.br\/unidades\/santaines\/wp-json\/wp\/v2\/posts\/12613"}],"collection":[{"href":"https:\/\/www.ifbaiano.edu.br\/unidades\/santaines\/wp-json\/wp\/v2\/posts"}],"about":[{"href":"https:\/\/www.ifbaiano.edu.br\/unidades\/santaines\/wp-json\/wp\/v2\/types\/post"}],"author":[{"embeddable":true,"href":"https:\/\/www.ifbaiano.edu.br\/unidades\/santaines\/wp-json\/wp\/v2\/users\/86"}],"replies":[{"embeddable":true,"href":"https:\/\/www.ifbaiano.edu.br\/unidades\/santaines\/wp-json\/wp\/v2\/comments?post=12613"}],"version-history":[{"count":5,"href":"https:\/\/www.ifbaiano.edu.br\/unidades\/santaines\/wp-json\/wp\/v2\/posts\/12613\/revisions"}],"predecessor-version":[{"id":12667,"href":"https:\/\/www.ifbaiano.edu.br\/unidades\/santaines\/wp-json\/wp\/v2\/posts\/12613\/revisions\/12667"}],"wp:featuredmedia":[{"embeddable":true,"href":"https:\/\/www.ifbaiano.edu.br\/unidades\/santaines\/wp-json\/wp\/v2\/media\/12626"}],"wp:attachment":[{"href":"https:\/\/www.ifbaiano.edu.br\/unidades\/santaines\/wp-json\/wp\/v2\/media?parent=12613"}],"wp:term":[{"taxonomy":"category","embeddable":true,"href":"https:\/\/www.ifbaiano.edu.br\/unidades\/santaines\/wp-json\/wp\/v2\/categories?post=12613"},{"taxonomy":"post_tag","embeddable":true,"href":"https:\/\/www.ifbaiano.edu.br\/unidades\/santaines\/wp-json\/wp\/v2\/tags?post=12613"}],"curies":[{"name":"wp","href":"https:\/\/api.w.org\/{rel}","templated":true}]}}