{"id":12658,"date":"2019-10-02T12:38:23","date_gmt":"2019-10-02T15:38:23","guid":{"rendered":"http:\/\/www.ifbaiano.edu.br\/unidades\/santaines\/?p=12658"},"modified":"2019-10-02T12:46:27","modified_gmt":"2019-10-02T15:46:27","slug":"campus-santa-ines-abre-inscricoes-para-curso-de-especializacao","status":"publish","type":"post","link":"https:\/\/www.ifbaiano.edu.br\/unidades\/santaines\/campus-santa-ines-abre-inscricoes-para-curso-de-especializacao\/","title":{"rendered":"Campus Santa In\u00eas abre Inscri\u00e7\u00f5es para Curso de Especializa\u00e7\u00e3o"},"content":{"rendered":"\n<p>O IF Baiano Campus Santa In\u00eas seleciona candidatos para o curso de p\u00f3s-gradua\u00e7\u00e3o <em>Lato Sensu<\/em> em Educa\u00e7\u00e3o de Jovens e Adultos Articulada a Educa\u00e7\u00e3o Profissional. <\/p>\n\n\n\n<p><strong>As inscri\u00e7\u00f5es, que s\u00e3o gratuitas, estar\u00e3o abertas no per\u00edodo de 07 a 11 de outubro de 2019<\/strong> e poder\u00e3o ser realizadas via e-mail ou presencialmente, com data limite de 11 de outubro de 2019. A inscri\u00e7\u00e3o via e-mail dever\u00e1 ser realizada atrav\u00e9s do envio dos documentos exigidos, em formato PDF, para o endere\u00e7o eletr\u00f4nico (e-mail): <strong>especializacao.eja@si.ifbaiano.edu.br<\/strong> no per\u00edodo compreendido entre 07 a 11 de outubro de 2019, observado o limite das 23 horas e 59 minutos do \u00faltimo dia de inscri\u00e7\u00e3o.<\/p>\n\n\n\n<p><strong>Sobre o Curso<\/strong><\/p>\n\n\n\n<p>O Curso de Especializa\u00e7\u00e3o em Educa\u00e7\u00e3o de Jovens e Adultos Articulada a Educa\u00e7\u00e3o Profissional tem como objetivo formar um coletivo de professores com saberes espec\u00edficos acerca do ensinar e do aprender na EJA, atrav\u00e9s da constru\u00e7\u00e3o de compet\u00eancias pol\u00edtico-pedag\u00f3gicas necess\u00e1rias ao fazer de sala comprometido com o processo de forma\u00e7\u00e3o humana e humanizadora dos estudantes jovens e adultos, assegurando a estes o direito a aprendizagem de saberes sistematizados\/cient\u00edficos. <\/p>\n\n\n\n<p><strong>S\u00e3o ofertadas 30 (trinta) vagas<\/strong>, sendo 06 vagas reservadas a candidatos negros (pretos ou pardos) e ind\u00edgenas e 02 vagas destinadas a pessoas com defici\u00eancia. O p\u00fablico alvo s\u00e3o portadores de Diplomas de Curso Superior reconhecido pelo Minist\u00e9rio da Educa\u00e7\u00e3o, profissionais, preferencialmente educadores das redes p\u00fablicas de ensino, que atuem ou pretendam atuar na educa\u00e7\u00e3o profissional e\/ou na modalidade de educa\u00e7\u00e3o de jovens e adultos e\/ou programas e projetos educacionais.  <\/p>\n\n\n\n<p>O curso  ser\u00e1 realizado no IF Baiano Campus Santa In\u00eas, ter\u00e1 dura\u00e7\u00e3o aproximada de 18 meses e uma carga hor\u00e1ria de 360 horas. As aulas se dar\u00e3o em encontros quinzenais, \u00e0s sextas-feiras, turnos matutino e vespertino. 20% da carga hor\u00e1ria total do curso (72 horas) ser\u00e1 ofertada na modalidade semipresencial, conforme estabelece a Portaria 4.059 de 10 de dezembro de 2004, do Minist\u00e9rio da Educa\u00e7\u00e3o. <\/p>\n\n\n\n<p><strong>Edital<\/strong><\/p>\n\n\n\n<p>Para entender os crit\u00e9rios de sele\u00e7\u00e3o, acessar a documenta\u00e7\u00e3o necess\u00e1ria, linhas de pesquisa, cronograma dos certames e demais informa\u00e7\u00f5es espec\u00edficas para cada curso, os candidatos devem consultar o Edital dispon\u00edvel no links abaixo:<\/p>\n\n\n\n<p><strong><a href=\"http:\/\/concurso.ifbaiano.edu.br\/portal\/pos-educacao-santa-ines-setembro-2019\/\">Especializa\u00e7\u00e3o em Educa\u00e7\u00e3o de Jovens e Adultos Articulada a Educa\u00e7\u00e3o Profissional<\/a><\/strong><\/p>\n","protected":false},"excerpt":{"rendered":"<p>As inscri\u00e7\u00f5es s\u00e3o gratuitas e estar\u00e3o abertas no per\u00edodo de 07 a 11 de outubro de 2019<\/p>\n","protected":false},"author":86,"featured_media":12659,"comment_status":"closed","ping_status":"closed","sticky":false,"template":"","format":"standard","meta":[],"categories":[4,10,8,57],"tags":[],"_links":{"self":[{"href":"https:\/\/www.ifbaiano.edu.br\/unidades\/santaines\/wp-json\/wp\/v2\/posts\/12658"}],"collection":[{"href":"https:\/\/www.ifbaiano.edu.br\/unidades\/santaines\/wp-json\/wp\/v2\/posts"}],"about":[{"href":"https:\/\/www.ifbaiano.edu.br\/unidades\/santaines\/wp-json\/wp\/v2\/types\/post"}],"author":[{"embeddable":true,"href":"https:\/\/www.ifbaiano.edu.br\/unidades\/santaines\/wp-json\/wp\/v2\/users\/86"}],"replies":[{"embeddable":true,"href":"https:\/\/www.ifbaiano.edu.br\/unidades\/santaines\/wp-json\/wp\/v2\/comments?post=12658"}],"version-history":[{"count":2,"href":"https:\/\/www.ifbaiano.edu.br\/unidades\/santaines\/wp-json\/wp\/v2\/posts\/12658\/revisions"}],"predecessor-version":[{"id":12661,"href":"https:\/\/www.ifbaiano.edu.br\/unidades\/santaines\/wp-json\/wp\/v2\/posts\/12658\/revisions\/12661"}],"wp:featuredmedia":[{"embeddable":true,"href":"https:\/\/www.ifbaiano.edu.br\/unidades\/santaines\/wp-json\/wp\/v2\/media\/12659"}],"wp:attachment":[{"href":"https:\/\/www.ifbaiano.edu.br\/unidades\/santaines\/wp-json\/wp\/v2\/media?parent=12658"}],"wp:term":[{"taxonomy":"category","embeddable":true,"href":"https:\/\/www.ifbaiano.edu.br\/unidades\/santaines\/wp-json\/wp\/v2\/categories?post=12658"},{"taxonomy":"post_tag","embeddable":true,"href":"https:\/\/www.ifbaiano.edu.br\/unidades\/santaines\/wp-json\/wp\/v2\/tags?post=12658"}],"curies":[{"name":"wp","href":"https:\/\/api.w.org\/{rel}","templated":true}]}}