{"id":12673,"date":"2019-09-20T10:29:10","date_gmt":"2019-09-20T13:29:10","guid":{"rendered":"http:\/\/www.ifbaiano.edu.br\/unidades\/santaines\/?p=12673"},"modified":"2019-09-20T10:29:10","modified_gmt":"2019-09-20T13:29:10","slug":"aconteceu-no-campus-santa-ines-i-ciclo-de-seminarios-discente","status":"publish","type":"post","link":"https:\/\/www.ifbaiano.edu.br\/unidades\/santaines\/aconteceu-no-campus-santa-ines-i-ciclo-de-seminarios-discente\/","title":{"rendered":"Aconteceu, no Campus Santa In\u00eas, I Ciclo de Semin\u00e1rios Discente"},"content":{"rendered":"\n<p>O Projeto de Extens\u00e3o I Ciclo de Semin\u00e1rios Discente \u2013 A Produ\u00e7\u00e3o de Saberes no Vale do Jiquiri\u00e7\u00e1: os dilemas da forma\u00e7\u00e3o e profissionaliza\u00e7\u00e3o promoveu no dia 12 de setembro, no audit\u00f3rio da Biblioteca do <em>Campus<\/em> Santa In\u00eas, Mesa Redonda Agrot\u00f3xicos e Qualidade de Vida no Vale do Jiquiri\u00e7\u00e1.<\/p>\n\n\n\n<p>Estiveram como palestrantes o Prof Dr Andr\u00e9 Leonardo Vasconcelos Souza (IF Baiano Campus Santa In\u00eas), O Prof Msc Nelson Viera da Silva Filho (IF Baiano Campus Santa In\u00eas ) e o Prof Dr Rafael Oliva Trocoli (IF Baiano  <br>Campus Senhor do Bonfim).<\/p>\n\n\n\n<p>Do <em>Campus<\/em> Santa In\u00eas, estiveram presentes estudantes dos cursos t\u00e9cnicos integrados ao ensino m\u00e9dio das \u00e1reas de Alimentos, Agropecu\u00e1ria, Zootecnia, PROEJA e dos cursos superiores de Geografia, Ci\u00eancias Biol\u00f3gicas e Zootecnia, al\u00e9m de professores e t\u00e9cnicos em educa\u00e7\u00e3o. E de outras institui\u00e7\u00f5es, estudantes e professores do Col\u00e9gio Estadual Ant\u00f4nio Carlos Magalh\u00e3es, de Santa In\u00eas e do Col\u00e9gio Estadual Pio XII, da cidade de Jaguaquara.<\/p>\n\n\n\n<p>O evento contou com um p\u00fablico de mais de 360 participantes. Segundo a servidora Ros\u00e2ngela, coordenadora do Projeto de Extens\u00e3o, &#8220;foi considerado um sucesso devido \u00e0 import\u00e2ncia do tema, a qualidade da exposi\u00e7\u00e3o dos palestrantes e da participa\u00e7\u00e3o dos presentes com contribui\u00e7\u00f5es e perguntas&#8221;. <\/p>\n\n\n\n<p>O objetivo do projeto \u00e9 construir espa\u00e7o de discuss\u00e3o que contribua no processo de forma\u00e7\u00e3o e profissionaliza\u00e7\u00e3o dos estudantes. Voltado ao p\u00fablico interno e externo ao <em>Campus<\/em> os eventos visam oportunizar reflex\u00f5es sobre dificuldades, inquieta\u00e7\u00f5es e necessidades vivenciadas na contemporaneidade.<\/p>\n\n\n\n<ul class=\"wp-block-gallery columns-3 is-cropped wp-block-gallery-1 is-layout-flex\"><li class=\"blocks-gallery-item\"><figure><img decoding=\"async\" loading=\"lazy\" width=\"3456\" height=\"2304\" src=\"http:\/\/www.ifbaiano.edu.br\/unidades\/santaines\/files\/2019\/09\/IMG_0330-1.jpg\" alt=\"\" data-id=\"12681\" data-link=\"http:\/\/www.ifbaiano.edu.br\/unidades\/santaines\/?attachment_id=12681\" class=\"wp-image-12681\" \/><\/figure><\/li><li class=\"blocks-gallery-item\"><figure><img decoding=\"async\" loading=\"lazy\" width=\"3312\" height=\"2304\" src=\"http:\/\/www.ifbaiano.edu.br\/unidades\/santaines\/files\/2019\/09\/IMG_0333-1.jpg\" alt=\"\" data-id=\"12682\" data-link=\"http:\/\/www.ifbaiano.edu.br\/unidades\/santaines\/?attachment_id=12682\" class=\"wp-image-12682\" \/><\/figure><\/li><li class=\"blocks-gallery-item\"><figure><img decoding=\"async\" loading=\"lazy\" width=\"3096\" height=\"2244\" src=\"http:\/\/www.ifbaiano.edu.br\/unidades\/santaines\/files\/2019\/09\/IMG_0344-1.jpg\" alt=\"\" data-id=\"12683\" data-link=\"http:\/\/www.ifbaiano.edu.br\/unidades\/santaines\/?attachment_id=12683\" class=\"wp-image-12683\" \/><\/figure><\/li><li class=\"blocks-gallery-item\"><figure><img decoding=\"async\" loading=\"lazy\" width=\"4752\" height=\"2528\" src=\"http:\/\/www.ifbaiano.edu.br\/unidades\/santaines\/files\/2019\/09\/IMG_0401-1.jpg\" alt=\"\" data-id=\"12684\" data-link=\"http:\/\/www.ifbaiano.edu.br\/unidades\/santaines\/?attachment_id=12684\" class=\"wp-image-12684\" \/><\/figure><\/li><li class=\"blocks-gallery-item\"><figure><img decoding=\"async\" loading=\"lazy\" width=\"4752\" height=\"2928\" src=\"http:\/\/www.ifbaiano.edu.br\/unidades\/santaines\/files\/2019\/09\/IMG_0411.jpg\" alt=\"\" data-id=\"12685\" data-link=\"http:\/\/www.ifbaiano.edu.br\/unidades\/santaines\/?attachment_id=12685\" class=\"wp-image-12685\" \/><\/figure><\/li><li class=\"blocks-gallery-item\"><figure><img decoding=\"async\" loading=\"lazy\" width=\"4352\" height=\"3168\" src=\"http:\/\/www.ifbaiano.edu.br\/unidades\/santaines\/files\/2019\/09\/IMG_0418-1.jpg\" alt=\"\" data-id=\"12686\" data-link=\"http:\/\/www.ifbaiano.edu.br\/unidades\/santaines\/?attachment_id=12686\" class=\"wp-image-12686\" \/><\/figure><\/li><\/ul>\n\n\n\n<ul class=\"wp-block-gallery columns-0 is-cropped wp-block-gallery-3 is-layout-flex\"><\/ul>\n","protected":false},"excerpt":{"rendered":"<p>O Projeto de Extens\u00e3o I Ciclo de Semin\u00e1rios Discente \u2013 A Produ\u00e7\u00e3o de Saberes no Vale do Jiquiri\u00e7\u00e1: os dilemas da forma\u00e7\u00e3o e profissionaliza\u00e7\u00e3o promoveu no dia 12 de setembro, no audit\u00f3rio da Biblioteca do Campus Santa In\u00eas, Mesa Redonda Agrot\u00f3xicos e Qualidade de Vida no Vale do Jiquiri\u00e7\u00e1. Estiveram como palestrantes o Prof Dr [&hellip;]<\/p>\n","protected":false},"author":86,"featured_media":12687,"comment_status":"closed","ping_status":"closed","sticky":false,"template":"","format":"standard","meta":[],"categories":[4,10,57],"tags":[],"_links":{"self":[{"href":"https:\/\/www.ifbaiano.edu.br\/unidades\/santaines\/wp-json\/wp\/v2\/posts\/12673"}],"collection":[{"href":"https:\/\/www.ifbaiano.edu.br\/unidades\/santaines\/wp-json\/wp\/v2\/posts"}],"about":[{"href":"https:\/\/www.ifbaiano.edu.br\/unidades\/santaines\/wp-json\/wp\/v2\/types\/post"}],"author":[{"embeddable":true,"href":"https:\/\/www.ifbaiano.edu.br\/unidades\/santaines\/wp-json\/wp\/v2\/users\/86"}],"replies":[{"embeddable":true,"href":"https:\/\/www.ifbaiano.edu.br\/unidades\/santaines\/wp-json\/wp\/v2\/comments?post=12673"}],"version-history":[{"count":1,"href":"https:\/\/www.ifbaiano.edu.br\/unidades\/santaines\/wp-json\/wp\/v2\/posts\/12673\/revisions"}],"predecessor-version":[{"id":12688,"href":"https:\/\/www.ifbaiano.edu.br\/unidades\/santaines\/wp-json\/wp\/v2\/posts\/12673\/revisions\/12688"}],"wp:featuredmedia":[{"embeddable":true,"href":"https:\/\/www.ifbaiano.edu.br\/unidades\/santaines\/wp-json\/wp\/v2\/media\/12687"}],"wp:attachment":[{"href":"https:\/\/www.ifbaiano.edu.br\/unidades\/santaines\/wp-json\/wp\/v2\/media?parent=12673"}],"wp:term":[{"taxonomy":"category","embeddable":true,"href":"https:\/\/www.ifbaiano.edu.br\/unidades\/santaines\/wp-json\/wp\/v2\/categories?post=12673"},{"taxonomy":"post_tag","embeddable":true,"href":"https:\/\/www.ifbaiano.edu.br\/unidades\/santaines\/wp-json\/wp\/v2\/tags?post=12673"}],"curies":[{"name":"wp","href":"https:\/\/api.w.org\/{rel}","templated":true}]}}