{"id":12706,"date":"2019-09-27T10:49:46","date_gmt":"2019-09-27T13:49:46","guid":{"rendered":"http:\/\/www.ifbaiano.edu.br\/unidades\/santaines\/?p=12706"},"modified":"2019-09-27T10:49:46","modified_gmt":"2019-09-27T13:49:46","slug":"aconteceu-no-campus-santa-ines-i-mostra-do-napne-com-o-tema-a-arte-de-incluir","status":"publish","type":"post","link":"https:\/\/www.ifbaiano.edu.br\/unidades\/santaines\/aconteceu-no-campus-santa-ines-i-mostra-do-napne-com-o-tema-a-arte-de-incluir\/","title":{"rendered":"Aconteceu, no Campus Santa In\u00eas, I Mostra do NAPNE com o tema \u201cA arte de Incluir\u201d"},"content":{"rendered":"\n<p>O NAPNE \u2013 N\u00facleo de Atendimento \u00e0s Pessoas com Necessidades Espec\u00edficas realizou, no dia 26 de setembro de 2019, no espa\u00e7o da cantina  <br>do Pavilh\u00e3o Pedag\u00f3gico do IF Baiano Campus Santa In\u00eas,  a &#8220;I Mostra do NAPNE&#8221; com o tema \u201cA arte de Incluir\u201d. <\/p>\n\n\n\n<ul class=\"wp-block-gallery columns-3 is-cropped wp-block-gallery-1 is-layout-flex\"><li class=\"blocks-gallery-item\"><figure><img decoding=\"async\" loading=\"lazy\" width=\"1024\" height=\"768\" src=\"http:\/\/www.ifbaiano.edu.br\/unidades\/santaines\/files\/2019\/09\/2a2dbd89-55d9-4e66-9f73-540a471bead6.jpg\" alt=\"\" data-id=\"12707\" data-link=\"http:\/\/www.ifbaiano.edu.br\/unidades\/santaines\/?attachment_id=12707\" class=\"wp-image-12707\" \/><\/figure><\/li><li class=\"blocks-gallery-item\"><figure><img decoding=\"async\" loading=\"lazy\" width=\"1280\" height=\"960\" src=\"http:\/\/www.ifbaiano.edu.br\/unidades\/santaines\/files\/2019\/09\/3b3b71c7-62da-41c3-a032-6261bd7c4843.jpg\" alt=\"\" data-id=\"12708\" data-link=\"http:\/\/www.ifbaiano.edu.br\/unidades\/santaines\/?attachment_id=12708\" class=\"wp-image-12708\" \/><\/figure><\/li><li class=\"blocks-gallery-item\"><figure><img decoding=\"async\" loading=\"lazy\" width=\"1280\" height=\"960\" src=\"http:\/\/www.ifbaiano.edu.br\/unidades\/santaines\/files\/2019\/09\/80fe3317-961f-414d-a4c4-8c411ebf013c.jpg\" alt=\"\" data-id=\"12709\" data-link=\"http:\/\/www.ifbaiano.edu.br\/unidades\/santaines\/?attachment_id=12709\" class=\"wp-image-12709\" \/><\/figure><\/li><\/ul>\n\n\n\n<p>No evento teve exposi\u00e7\u00e3o de artes confeccionadas pelos alunos com Necessidades Espec\u00edficas, exposi\u00e7\u00e3o de recursos pedag\u00f3gicos utilizados nos atendimentos, oficina de Braille, oficina de Alimentos em Libras, oficina Libras <em>In Concert<\/em> e oficina de pintura. Tamb\u00e9m houve a bel\u00edssima apresenta\u00e7\u00e3o Musical da Orquestra <em>Commentariis <\/em>da cidade de Santa In\u00eas-BA e do projeto de Pesquisa Sinta o Som: a m\u00fasica desafiando as dificuldades de aprendizagem dos alunos com defici\u00eancia intelectual. <\/p>\n\n\n\n<p>Esse Projeto de Pesquisa \u00e9 coordenado por Roselin Reis, servidora do IF Baiano Campus Santa In\u00eas  e pelo coordenador Discente Jeh\u00fa Moura, discente do curso de Licenciatura em Ci\u00eancias Biol\u00f3gicas do Campus.<\/p>\n\n\n\n<ul class=\"wp-block-gallery columns-3 is-cropped wp-block-gallery-3 is-layout-flex\"><li class=\"blocks-gallery-item\"><figure><img decoding=\"async\" loading=\"lazy\" width=\"1032\" height=\"774\" src=\"http:\/\/www.ifbaiano.edu.br\/unidades\/santaines\/files\/2019\/09\/4aede833-bdf0-4ba3-817c-733085843cf8.jpg\" alt=\"\" data-id=\"12712\" data-link=\"http:\/\/www.ifbaiano.edu.br\/unidades\/santaines\/?attachment_id=12712\" class=\"wp-image-12712\" \/><\/figure><\/li><li class=\"blocks-gallery-item\"><figure><img decoding=\"async\" loading=\"lazy\" width=\"1280\" height=\"960\" src=\"http:\/\/www.ifbaiano.edu.br\/unidades\/santaines\/files\/2019\/09\/8a7fdcb8-2e00-4f67-a2e1-b86895653b6d-1.jpg\" alt=\"\" data-id=\"12713\" data-link=\"http:\/\/www.ifbaiano.edu.br\/unidades\/santaines\/?attachment_id=12713\" class=\"wp-image-12713\" \/><\/figure><\/li><li class=\"blocks-gallery-item\"><figure><img decoding=\"async\" loading=\"lazy\" width=\"780\" height=\"1040\" src=\"http:\/\/www.ifbaiano.edu.br\/unidades\/santaines\/files\/2019\/09\/488cb363-807c-4a92-ba0d-f5900f3ba7e4.jpg\" alt=\"\" data-id=\"12714\" data-link=\"http:\/\/www.ifbaiano.edu.br\/unidades\/santaines\/?attachment_id=12714\" class=\"wp-image-12714\" \/><\/figure><\/li><li class=\"blocks-gallery-item\"><figure><img decoding=\"async\" loading=\"lazy\" width=\"1280\" height=\"960\" src=\"http:\/\/www.ifbaiano.edu.br\/unidades\/santaines\/files\/2019\/09\/59474885-d609-46ee-9248-edaf8005ba5c.jpg\" alt=\"\" data-id=\"12715\" data-link=\"http:\/\/www.ifbaiano.edu.br\/unidades\/santaines\/?attachment_id=12715\" class=\"wp-image-12715\" \/><\/figure><\/li><li class=\"blocks-gallery-item\"><figure><img decoding=\"async\" loading=\"lazy\" width=\"960\" height=\"1280\" src=\"http:\/\/www.ifbaiano.edu.br\/unidades\/santaines\/files\/2019\/09\/b5bab008-5146-4683-a9a1-33b87c218c45.jpg\" alt=\"\" data-id=\"12716\" data-link=\"http:\/\/www.ifbaiano.edu.br\/unidades\/santaines\/?attachment_id=12716\" class=\"wp-image-12716\" \/><\/figure><\/li><li class=\"blocks-gallery-item\"><figure><img decoding=\"async\" loading=\"lazy\" width=\"1280\" height=\"960\" src=\"http:\/\/www.ifbaiano.edu.br\/unidades\/santaines\/files\/2019\/09\/b7a7f2f5-52a3-4c02-871a-604c738298a8.jpg\" alt=\"\" data-id=\"12717\" data-link=\"http:\/\/www.ifbaiano.edu.br\/unidades\/santaines\/?attachment_id=12717\" class=\"wp-image-12717\" \/><\/figure><\/li><li class=\"blocks-gallery-item\"><figure><img decoding=\"async\" loading=\"lazy\" width=\"960\" height=\"1280\" src=\"http:\/\/www.ifbaiano.edu.br\/unidades\/santaines\/files\/2019\/09\/b3966f89-ff6c-4f20-b42c-3c157fb929cd.jpg\" alt=\"\" data-id=\"12718\" data-link=\"http:\/\/www.ifbaiano.edu.br\/unidades\/santaines\/?attachment_id=12718\" class=\"wp-image-12718\" \/><\/figure><\/li><li class=\"blocks-gallery-item\"><figure><img decoding=\"async\" loading=\"lazy\" width=\"1280\" height=\"960\" src=\"http:\/\/www.ifbaiano.edu.br\/unidades\/santaines\/files\/2019\/09\/b9557fd7-621b-4af7-b696-7549204d033f.jpg\" alt=\"\" data-id=\"12719\" data-link=\"http:\/\/www.ifbaiano.edu.br\/unidades\/santaines\/?attachment_id=12719\" class=\"wp-image-12719\" \/><\/figure><\/li><li class=\"blocks-gallery-item\"><figure><img decoding=\"async\" loading=\"lazy\" width=\"1280\" height=\"960\" src=\"http:\/\/www.ifbaiano.edu.br\/unidades\/santaines\/files\/2019\/09\/c81259e4-0500-4725-8833-859bcf2fb3f7-1.jpg\" alt=\"\" data-id=\"12720\" data-link=\"http:\/\/www.ifbaiano.edu.br\/unidades\/santaines\/?attachment_id=12720\" class=\"wp-image-12720\" \/><\/figure><\/li><li class=\"blocks-gallery-item\"><figure><img decoding=\"async\" loading=\"lazy\" width=\"960\" height=\"1280\" src=\"http:\/\/www.ifbaiano.edu.br\/unidades\/santaines\/files\/2019\/09\/cfda3b25-6d33-439e-9288-611e43115ce4.jpg\" alt=\"\" data-id=\"12721\" data-link=\"http:\/\/www.ifbaiano.edu.br\/unidades\/santaines\/?attachment_id=12721\" class=\"wp-image-12721\" \/><\/figure><\/li><li class=\"blocks-gallery-item\"><figure><img decoding=\"async\" loading=\"lazy\" width=\"1280\" height=\"827\" src=\"http:\/\/www.ifbaiano.edu.br\/unidades\/santaines\/files\/2019\/09\/e6fd35b2-5afb-4342-bd36-c187c8634213.jpg\" alt=\"\" data-id=\"12722\" data-link=\"http:\/\/www.ifbaiano.edu.br\/unidades\/santaines\/?attachment_id=12722\" class=\"wp-image-12722\" \/><\/figure><\/li><li class=\"blocks-gallery-item\"><figure><img decoding=\"async\" loading=\"lazy\" width=\"960\" height=\"1280\" src=\"http:\/\/www.ifbaiano.edu.br\/unidades\/santaines\/files\/2019\/09\/e551e2c5-12a4-4179-94f4-e1c4f574c1a1.jpg\" alt=\"\" data-id=\"12723\" data-link=\"http:\/\/www.ifbaiano.edu.br\/unidades\/santaines\/?attachment_id=12723\" class=\"wp-image-12723\" \/><\/figure><\/li><\/ul>\n","protected":false},"excerpt":{"rendered":"<p>Evento aconteceu dia 26 de setembro de 2019, no espa\u00e7o da cantina do Pavilh\u00e3o Pedag\u00f3gico do IF Baiano Campus Santa In\u00eas<\/p>\n","protected":false},"author":86,"featured_media":12698,"comment_status":"closed","ping_status":"closed","sticky":false,"template":"","format":"standard","meta":[],"categories":[4,10,57],"tags":[],"_links":{"self":[{"href":"https:\/\/www.ifbaiano.edu.br\/unidades\/santaines\/wp-json\/wp\/v2\/posts\/12706"}],"collection":[{"href":"https:\/\/www.ifbaiano.edu.br\/unidades\/santaines\/wp-json\/wp\/v2\/posts"}],"about":[{"href":"https:\/\/www.ifbaiano.edu.br\/unidades\/santaines\/wp-json\/wp\/v2\/types\/post"}],"author":[{"embeddable":true,"href":"https:\/\/www.ifbaiano.edu.br\/unidades\/santaines\/wp-json\/wp\/v2\/users\/86"}],"replies":[{"embeddable":true,"href":"https:\/\/www.ifbaiano.edu.br\/unidades\/santaines\/wp-json\/wp\/v2\/comments?post=12706"}],"version-history":[{"count":2,"href":"https:\/\/www.ifbaiano.edu.br\/unidades\/santaines\/wp-json\/wp\/v2\/posts\/12706\/revisions"}],"predecessor-version":[{"id":12725,"href":"https:\/\/www.ifbaiano.edu.br\/unidades\/santaines\/wp-json\/wp\/v2\/posts\/12706\/revisions\/12725"}],"wp:featuredmedia":[{"embeddable":true,"href":"https:\/\/www.ifbaiano.edu.br\/unidades\/santaines\/wp-json\/wp\/v2\/media\/12698"}],"wp:attachment":[{"href":"https:\/\/www.ifbaiano.edu.br\/unidades\/santaines\/wp-json\/wp\/v2\/media?parent=12706"}],"wp:term":[{"taxonomy":"category","embeddable":true,"href":"https:\/\/www.ifbaiano.edu.br\/unidades\/santaines\/wp-json\/wp\/v2\/categories?post=12706"},{"taxonomy":"post_tag","embeddable":true,"href":"https:\/\/www.ifbaiano.edu.br\/unidades\/santaines\/wp-json\/wp\/v2\/tags?post=12706"}],"curies":[{"name":"wp","href":"https:\/\/api.w.org\/{rel}","templated":true}]}}