{"id":1272,"date":"2012-02-27T16:41:15","date_gmt":"2012-02-27T19:41:15","guid":{"rendered":"http:\/\/www.ifbaiano.edu.br\/unidades\/santaines\/?p=1272"},"modified":"2012-02-27T16:41:15","modified_gmt":"2012-02-27T19:41:15","slug":"segunda-chamada-do-processo-seletivo-2012-2","status":"publish","type":"post","link":"https:\/\/www.ifbaiano.edu.br\/unidades\/santaines\/segunda-chamada-do-processo-seletivo-2012-2\/","title":{"rendered":"Segunda Chamada do Processo Seletivo 2012"},"content":{"rendered":"<p>A matr\u00edcula acontecer\u00e1 nos dias 24, 27 e 28\/02\/2012. O candidato que informou, no ato da inscri\u00e7\u00e3o, o interesse em participar da reserva de vaga prevista para Estudantes oriundos da Rede P\u00fablica, dever\u00e1 entregar, no ato da matr\u00edcula, documenta\u00e7\u00e3o que comprove ter estudado durante todo o Ensino Fundamental II (5\u00ba a 9\u00ba ano)ou todo o Ensino M\u00e9dio na Rede P\u00fablica de Ensino, respectivamente, para inscritos em cursos nas formas Integrada e Subsequente.<\/p>\n<p>Consultem as listas:<br \/>\n<a href=\"http:\/\/www.ifbaiano.edu.br\/unidades\/santaines\/files\/2012\/02\/CLASSIFICACAO-GERAL-INTEGRADO-AGROPECUARIA-2-CHAMADA5.pdf\">CLASSIFICA\u00c7\u00c3O GERAL INTEGRADO &#8211; AGROPECU\u00c1RIA &#8211; 2\u00ba CHAMADA<\/a><br \/>\n<a href=\"http:\/\/www.ifbaiano.edu.br\/unidades\/santaines\/files\/2012\/02\/CLASSIFICACAO-GERAL-INTEGRADO-ALIMENTOS-2-CHAMADA1.pdf\">CLASSIFICA\u00c7\u00c3O GERAL INTEGRADO &#8211; ALIMENTOS &#8211; 2\u00ba CHAMADA<\/a><br \/>\n<a href=\"http:\/\/www.ifbaiano.edu.br\/unidades\/santaines\/files\/2012\/02\/CLASSIFICACAO-GERAL-INTEGRADO-ZOOTECNIA-2-CHAMADA2.pdf\">CLASSIFICA\u00c7\u00c3O GERAL INTEGRADO &#8211; ZOOTECNIA &#8211; 2\u00ba CHAMADA<\/a><br \/>\n<a href=\"http:\/\/www.ifbaiano.edu.br\/unidades\/santaines\/files\/2012\/02\/CLASSIFICACAO-GERAL-SUBSEQUENTE-INFORMATICA-2-CHAMADA1.pdf\">CLASSIFICA\u00c7\u00c3O GERAL SUBSEQUENTE &#8211; INFORM\u00c1TICA &#8211; 2\u00ba CHAMADA<\/a><\/p>\n","protected":false},"excerpt":{"rendered":"<p>A matr\u00edcula acontecer\u00e1 nos dias 24, 27 e 28\/02\/2012. O candidato que informou, no ato da inscri\u00e7\u00e3o, o interesse em participar da reserva de vaga prevista para Estudantes oriundos da Rede P\u00fablica, dever\u00e1 entregar, no ato da matr\u00edcula, documenta\u00e7\u00e3o que comprove ter estudado durante todo o Ensino Fundamental II (5\u00ba a 9\u00ba ano)ou todo o [&hellip;]<\/p>\n","protected":false},"author":26,"featured_media":0,"comment_status":"closed","ping_status":"closed","sticky":false,"template":"","format":"standard","meta":[],"categories":[8],"tags":[],"_links":{"self":[{"href":"https:\/\/www.ifbaiano.edu.br\/unidades\/santaines\/wp-json\/wp\/v2\/posts\/1272"}],"collection":[{"href":"https:\/\/www.ifbaiano.edu.br\/unidades\/santaines\/wp-json\/wp\/v2\/posts"}],"about":[{"href":"https:\/\/www.ifbaiano.edu.br\/unidades\/santaines\/wp-json\/wp\/v2\/types\/post"}],"author":[{"embeddable":true,"href":"https:\/\/www.ifbaiano.edu.br\/unidades\/santaines\/wp-json\/wp\/v2\/users\/26"}],"replies":[{"embeddable":true,"href":"https:\/\/www.ifbaiano.edu.br\/unidades\/santaines\/wp-json\/wp\/v2\/comments?post=1272"}],"version-history":[{"count":2,"href":"https:\/\/www.ifbaiano.edu.br\/unidades\/santaines\/wp-json\/wp\/v2\/posts\/1272\/revisions"}],"predecessor-version":[{"id":1274,"href":"https:\/\/www.ifbaiano.edu.br\/unidades\/santaines\/wp-json\/wp\/v2\/posts\/1272\/revisions\/1274"}],"wp:attachment":[{"href":"https:\/\/www.ifbaiano.edu.br\/unidades\/santaines\/wp-json\/wp\/v2\/media?parent=1272"}],"wp:term":[{"taxonomy":"category","embeddable":true,"href":"https:\/\/www.ifbaiano.edu.br\/unidades\/santaines\/wp-json\/wp\/v2\/categories?post=1272"},{"taxonomy":"post_tag","embeddable":true,"href":"https:\/\/www.ifbaiano.edu.br\/unidades\/santaines\/wp-json\/wp\/v2\/tags?post=1272"}],"curies":[{"name":"wp","href":"https:\/\/api.w.org\/{rel}","templated":true}]}}