{"id":12729,"date":"2019-10-10T11:37:22","date_gmt":"2019-10-10T14:37:22","guid":{"rendered":"http:\/\/www.ifbaiano.edu.br\/unidades\/santaines\/?p=12729"},"modified":"2019-10-10T11:42:34","modified_gmt":"2019-10-10T14:42:34","slug":"prazo-para-solicitar-isencao-do-processo-de-ingresso-2020-encerra-nesta-sexta-feira-4","status":"publish","type":"post","link":"https:\/\/www.ifbaiano.edu.br\/unidades\/santaines\/prazo-para-solicitar-isencao-do-processo-de-ingresso-2020-encerra-nesta-sexta-feira-4\/","title":{"rendered":"Prazo para solicitar isen\u00e7\u00e3o do processo de ingresso 2020 encerra nesta quarta-feira, 9"},"content":{"rendered":"\n<p>Candidatos ao processo de ingresso 2020 do IF Baiano, com cadastro no Cad\u00danico, poder\u00e3o solicitar dispensa do pagamento da taxa inscri\u00e7\u00e3o at\u00e9 a pr\u00f3xima quarta-feira, 9 de outubro. Para isso, \u00e9 preciso realizar o cadastro <em>online<\/em>na p\u00e1gina&nbsp;<strong><a href=\"http:\/\/concurso.ifbaiano.edu.br\/portal\/ingresso-de-estudantes-2020\/\">ingresso.ifbaiano.edu.br<\/a>,&nbsp;<\/strong>indicando a op\u00e7\u00e3o pela isen\u00e7\u00e3o e o N\u00famero de Identifica\u00e7\u00e3o Social (NIS).<\/p>\n\n\n\n<p>No momento da inscri\u00e7\u00e3o, o candidato poder\u00e1 optar por at\u00e9 duas op\u00e7\u00f5es de curso, informando a ordem de prefer\u00eancia, escolher&nbsp;<em>campus<\/em>, semestre de oferta e turno para cada uma das op\u00e7\u00f5es. Para quem n\u00e3o tem direito a isen\u00e7\u00e3o, a taxa de inscri\u00e7\u00e3o custa R$ 30,00 (trinta reais).<\/p>\n\n\n\n<p>O IF Baiano est\u00e1 ofertando 3.625 vagas para cursos t\u00e9cnicos das formas Integrada e Subsequente ao n\u00edvel m\u00e9dio, nos 14 campi da institui\u00e7\u00e3o em: Alagoinhas, Bom Jesus da Lapa, Catu, Governador Mangabeira, Guanambi, Itaberaba, Itapetinga, <strong>Santa In\u00eas<\/strong>, Senhor do Bonfim, Serrinha, Teixeira, Uru\u00e7uca, Valen\u00e7a e Xique-Xique. <\/p>\n\n\n\n<p>Informa\u00e7\u00f5es sobre cursos e vagas est\u00e3o dispostas no&nbsp;<strong><a href=\"http:\/\/concurso.ifbaiano.edu.br\/portal\/ingresso-de-estudantes-2020\/wp-content\/uploads\/sites\/299\/2019\/09\/Edital-n%C2%BA-108-INTEGRADO-Retifica%C3%A7%C3%A3o-n%C2%BA-02.pdf\">Edital 108\/2019<\/a><\/strong>&nbsp;(para cursos da forma Integrada) e no&nbsp;<strong><a href=\"http:\/\/concurso.ifbaiano.edu.br\/portal\/ingresso-de-estudantes-2020\/wp-content\/uploads\/sites\/299\/2019\/09\/Edital-n%C2%BA-109-SUBSEQUENTE-Retifica%C3%A7%C3%A3o-n%C2%BA-02.pdf\">Edital 109\/2019<\/a><\/strong>&nbsp;(para cursos da forma Subsequente).<\/p>\n\n\n\n<p><strong>Integrada x Subsequente<\/strong>&nbsp;\u2013 Os cursos t\u00e9cnicos na forma Integrada ao Ensino M\u00e9dio s\u00e3o destinados a candidatos que conclu\u00edram, ou est\u00e3o concluindo, o Ensino Fundamental ou equivalente. Neste caso, o estudante faz o ensino m\u00e9dio e o profissionalizante juntos dentro do IF Baiano. J\u00e1 os cursos t\u00e9cnicos na forma Subsequente s\u00e3o para quem j\u00e1 concluiu, ou est\u00e1 perto de concluir, o Ensino M\u00e9dio.<\/p>\n\n\n\n<p><strong>Reserva de Vagas<\/strong>&nbsp;\u2013 Para os cursos da forma Integrada, 70% das vagas s\u00e3o reservadas a estudantes oriundos de escolas p\u00fablicas, 25% para ampla concorr\u00eancia e 5% para pessoa com defici\u00eancia. Para os cursos da forma Subsequente, reserva de vagas \u00e9 50% para estudantes oriundos de escola p\u00fablica, 45% ampla concorr\u00eancia e 5% para pessoa com defici\u00eancia.<\/p>\n\n\n\n<p><strong>Exame de Conhecimentos<\/strong>&nbsp;\u2013 Este ano, o processo de ingresso ter\u00e1 como m\u00e9todo de classifica\u00e7\u00e3o o Exame de Conhecimentos. As provas ser\u00e3o aplicadas no dia 1\u00ba de dezembro de 2019, no turno vespertino, nas cidades onde o IF Baiano possui campus. Os exames ser\u00e3o compostos por 40 quest\u00f5es objetivas das \u00e1reas de L\u00edngua Portuguesa, Matem\u00e1tica, Ci\u00eancias humanas e suas tecnologias e Ci\u00eancias da natureza e suas tecnologias. Consulte o conte\u00fado program\u00e1tico nos editais.<\/p>\n","protected":false},"excerpt":{"rendered":"<p>O Campus Santa In\u00eas est\u00e1 ofertando 280 vagas para cursos t\u00e9cnicos de n\u00edvel m\u00e9dio <\/p>\n","protected":false},"author":86,"featured_media":12730,"comment_status":"closed","ping_status":"closed","sticky":false,"template":"","format":"standard","meta":[],"categories":[4,13,10,8,57],"tags":[],"_links":{"self":[{"href":"https:\/\/www.ifbaiano.edu.br\/unidades\/santaines\/wp-json\/wp\/v2\/posts\/12729"}],"collection":[{"href":"https:\/\/www.ifbaiano.edu.br\/unidades\/santaines\/wp-json\/wp\/v2\/posts"}],"about":[{"href":"https:\/\/www.ifbaiano.edu.br\/unidades\/santaines\/wp-json\/wp\/v2\/types\/post"}],"author":[{"embeddable":true,"href":"https:\/\/www.ifbaiano.edu.br\/unidades\/santaines\/wp-json\/wp\/v2\/users\/86"}],"replies":[{"embeddable":true,"href":"https:\/\/www.ifbaiano.edu.br\/unidades\/santaines\/wp-json\/wp\/v2\/comments?post=12729"}],"version-history":[{"count":3,"href":"https:\/\/www.ifbaiano.edu.br\/unidades\/santaines\/wp-json\/wp\/v2\/posts\/12729\/revisions"}],"predecessor-version":[{"id":12757,"href":"https:\/\/www.ifbaiano.edu.br\/unidades\/santaines\/wp-json\/wp\/v2\/posts\/12729\/revisions\/12757"}],"wp:featuredmedia":[{"embeddable":true,"href":"https:\/\/www.ifbaiano.edu.br\/unidades\/santaines\/wp-json\/wp\/v2\/media\/12730"}],"wp:attachment":[{"href":"https:\/\/www.ifbaiano.edu.br\/unidades\/santaines\/wp-json\/wp\/v2\/media?parent=12729"}],"wp:term":[{"taxonomy":"category","embeddable":true,"href":"https:\/\/www.ifbaiano.edu.br\/unidades\/santaines\/wp-json\/wp\/v2\/categories?post=12729"},{"taxonomy":"post_tag","embeddable":true,"href":"https:\/\/www.ifbaiano.edu.br\/unidades\/santaines\/wp-json\/wp\/v2\/tags?post=12729"}],"curies":[{"name":"wp","href":"https:\/\/api.w.org\/{rel}","templated":true}]}}