{"id":12741,"date":"2019-10-07T16:01:30","date_gmt":"2019-10-07T19:01:30","guid":{"rendered":"http:\/\/www.ifbaiano.edu.br\/unidades\/santaines\/?p=12741"},"modified":"2019-10-07T16:01:30","modified_gmt":"2019-10-07T19:01:30","slug":"mic-celebra-pesquisa-e-transformacao-pela-educacao","status":"publish","type":"post","link":"https:\/\/www.ifbaiano.edu.br\/unidades\/santaines\/mic-celebra-pesquisa-e-transformacao-pela-educacao\/","title":{"rendered":"MIC celebra pesquisa e transforma\u00e7\u00e3o pela educa\u00e7\u00e3o"},"content":{"rendered":"\n<p>A sexta edi\u00e7\u00e3o da Mostra de Inicia\u00e7\u00e3o Cient\u00edfica (MIC) do IF Baiano aconteceu nos dias 2 e 3 de outubro, no <em>Campus<\/em> Senhor do Bonfim, reunindo estudantes e servidores da institui\u00e7\u00e3o. Em paralelo \u00e0 VI MIC, foram realizados os eventos: II Semin\u00e1rio de Extens\u00e3o, Inova\u00e7\u00e3o e Cultura (II SEIC), o VI Semin\u00e1rio do PIBID e, ainda, a VII Feira de Ci\u00eancia e Tecnologia \u2013 VII Fecitec do Munic\u00edpio de Senhor do Bonfim e do Territ\u00f3rio de Identidade do Piemonte Norte do Itapicuru.<\/p>\n\n\n\n<figure class=\"wp-block-image\"><img decoding=\"async\" loading=\"lazy\" width=\"896\" height=\"497\" src=\"http:\/\/www.ifbaiano.edu.br\/unidades\/santaines\/files\/2019\/10\/WhatsApp-Image-2019-10-03-at-16.38.56-1.jpeg\" alt=\"\" class=\"wp-image-12742\" \/><\/figure>\n\n\n\n<p>A solenidade de abertura contou com os pronunciamentos dos representantes das pr\u00f3-reitorias de pesquisa e extens\u00e3o, da reitoria, do&nbsp;<em>Campus&nbsp;<\/em>Senhor do Bonfim, do Programa Institucional de Bolsa de Inicia\u00e7\u00e3o \u00e0 Doc\u00eancia (PIBID) e do evento Fecitec.<\/p>\n\n\n\n<p>Na noite da \u00faltima quinta-feira, 3, foi realizada a cerim\u00f4nia de encerramento e premia\u00e7\u00e3o dos trabalhos de maior destaque apresentados.<\/p>\n\n\n\n<p>Na VI MIC, foram premiados 12 trabalhos de estudantes de n\u00edvel m\u00e9dio e superior, escolhidos a partir das notas atribu\u00eddas pelas comiss\u00f5es de avalia\u00e7\u00e3o interna e externa. Nesta edi\u00e7\u00e3o, a Mostra recebeu 87 trabalhos, divididos nas categorias Pibic Junior CNPq, Pibic Superior CNPq, Pibiti Superior CNPq e Pibic Superior Fapesb.<\/p>\n\n\n\n<p>O II SEIC teve um total de 101 projetos inscritos, referentes a projetos que s\u00e3o contemplados pelos editais das chamadas internas da Pr\u00f3-reitoria de Extens\u00e3o (Proex). Destes, 11 foram premiados na cerim\u00f4nia de encerramento: cinco, na categoria Apresenta\u00e7\u00e3o Oral, e seis, na categoria Apresenta\u00e7\u00e3o de P\u00f4steres. <\/p>\n\n\n\n<p>O Campus Santa In\u00eas teve dois trabalhos premiados.<\/p>\n\n\n\n<ul class=\"wp-block-gallery columns-3 is-cropped wp-block-gallery-1 is-layout-flex\"><li class=\"blocks-gallery-item\"><figure><img decoding=\"async\" loading=\"lazy\" width=\"960\" height=\"1280\" src=\"http:\/\/www.ifbaiano.edu.br\/unidades\/santaines\/files\/2019\/10\/44a866f3-1fef-41a1-8d7c-172a53d14fe1-1.jpg\" alt=\"\" data-id=\"12747\" data-link=\"http:\/\/www.ifbaiano.edu.br\/unidades\/santaines\/?attachment_id=12747\" class=\"wp-image-12747\" \/><\/figure><\/li><li class=\"blocks-gallery-item\"><figure><img decoding=\"async\" loading=\"lazy\" width=\"807\" height=\"1280\" src=\"http:\/\/www.ifbaiano.edu.br\/unidades\/santaines\/files\/2019\/10\/Assist\u00eancia-tecnica-aos-pequenos-produtores-de-ovinos-da-regi\u00e3o-de-Santa-In\u00eas-e-Cravol\u00e2ndia-Bahia-1.jpg\" alt=\"\" data-id=\"12749\" data-link=\"http:\/\/www.ifbaiano.edu.br\/unidades\/santaines\/?attachment_id=12749\" class=\"wp-image-12749\" \/><\/figure><\/li><li class=\"blocks-gallery-item\"><figure><img decoding=\"async\" loading=\"lazy\" width=\"960\" height=\"1280\" src=\"http:\/\/www.ifbaiano.edu.br\/unidades\/santaines\/files\/2019\/10\/e7d717f6-4235-45e9-93f9-8d0fb017c1cc.jpg\" alt=\"\" data-id=\"12750\" data-link=\"http:\/\/www.ifbaiano.edu.br\/unidades\/santaines\/?attachment_id=12750\" class=\"wp-image-12750\" \/><\/figure><\/li><li class=\"blocks-gallery-item\"><figure><img decoding=\"async\" loading=\"lazy\" width=\"5948\" height=\"3966\" src=\"http:\/\/www.ifbaiano.edu.br\/unidades\/santaines\/files\/2019\/10\/mic-premiados-2-1.jpg\" alt=\"\" data-id=\"12751\" data-link=\"http:\/\/www.ifbaiano.edu.br\/unidades\/santaines\/?attachment_id=12751\" class=\"wp-image-12751\" \/><\/figure><\/li><\/ul>\n\n\n\n<p>A VI MIC e o II SEIC reuniram mais de mil pessoas no <em>Campus\u00a0<\/em>Senhor do Bonfim nos dias 2 e 3 de outubro. Em paralelo, ainda ocorreu o Semin\u00e1rio do Pibid. <\/p>\n","protected":false},"excerpt":{"rendered":"<p>A sexta edi\u00e7\u00e3o da Mostra de Inicia\u00e7\u00e3o Cient\u00edfica (MIC) do IF Baiano aconteceu nos dias 2 e 3 de outubro, no Campus Senhor do Bonfim, reunindo estudantes e servidores da institui\u00e7\u00e3o. Em paralelo \u00e0 VI MIC, foram realizados os eventos: II Semin\u00e1rio de Extens\u00e3o, Inova\u00e7\u00e3o e Cultura (II SEIC), o VI Semin\u00e1rio do PIBID e, [&hellip;]<\/p>\n","protected":false},"author":86,"featured_media":12751,"comment_status":"closed","ping_status":"closed","sticky":false,"template":"","format":"standard","meta":[],"categories":[4,10,57],"tags":[],"_links":{"self":[{"href":"https:\/\/www.ifbaiano.edu.br\/unidades\/santaines\/wp-json\/wp\/v2\/posts\/12741"}],"collection":[{"href":"https:\/\/www.ifbaiano.edu.br\/unidades\/santaines\/wp-json\/wp\/v2\/posts"}],"about":[{"href":"https:\/\/www.ifbaiano.edu.br\/unidades\/santaines\/wp-json\/wp\/v2\/types\/post"}],"author":[{"embeddable":true,"href":"https:\/\/www.ifbaiano.edu.br\/unidades\/santaines\/wp-json\/wp\/v2\/users\/86"}],"replies":[{"embeddable":true,"href":"https:\/\/www.ifbaiano.edu.br\/unidades\/santaines\/wp-json\/wp\/v2\/comments?post=12741"}],"version-history":[{"count":2,"href":"https:\/\/www.ifbaiano.edu.br\/unidades\/santaines\/wp-json\/wp\/v2\/posts\/12741\/revisions"}],"predecessor-version":[{"id":12753,"href":"https:\/\/www.ifbaiano.edu.br\/unidades\/santaines\/wp-json\/wp\/v2\/posts\/12741\/revisions\/12753"}],"wp:featuredmedia":[{"embeddable":true,"href":"https:\/\/www.ifbaiano.edu.br\/unidades\/santaines\/wp-json\/wp\/v2\/media\/12751"}],"wp:attachment":[{"href":"https:\/\/www.ifbaiano.edu.br\/unidades\/santaines\/wp-json\/wp\/v2\/media?parent=12741"}],"wp:term":[{"taxonomy":"category","embeddable":true,"href":"https:\/\/www.ifbaiano.edu.br\/unidades\/santaines\/wp-json\/wp\/v2\/categories?post=12741"},{"taxonomy":"post_tag","embeddable":true,"href":"https:\/\/www.ifbaiano.edu.br\/unidades\/santaines\/wp-json\/wp\/v2\/tags?post=12741"}],"curies":[{"name":"wp","href":"https:\/\/api.w.org\/{rel}","templated":true}]}}