{"id":12769,"date":"2019-11-04T16:36:19","date_gmt":"2019-11-04T19:36:19","guid":{"rendered":"http:\/\/www.ifbaiano.edu.br\/unidades\/santaines\/?p=12769"},"modified":"2019-11-04T16:42:29","modified_gmt":"2019-11-04T19:42:29","slug":"publicado-edital-para-selecao-de-monitores-para-a-feira-de-saude-e-cidadania-do-campus-santa-ines","status":"publish","type":"post","link":"https:\/\/www.ifbaiano.edu.br\/unidades\/santaines\/publicado-edital-para-selecao-de-monitores-para-a-feira-de-saude-e-cidadania-do-campus-santa-ines\/","title":{"rendered":"Sele\u00e7\u00e3o de monitores para a Feira de Sa\u00fade e Cidadania do Campus Santa In\u00eas"},"content":{"rendered":"\n<p>A Comiss\u00e3o Multiprofissional do Programa de Preven\u00e7\u00e3o e Assist\u00eancia a Sa\u00fade \u2013 PRO-SA\u00daDE, publica <strong><a href=\"http:\/\/www.ifbaiano.edu.br\/unidades\/santaines\/files\/2019\/10\/Processo-Seletivo-Simplificado-Monitoria-Feira-de-Saude.pdf\">EDITAL PARA SELE\u00c7\u00c3O DE MONITORES<\/a><\/strong> da Feira de Sa\u00fade e Cidadania do <em>Campus<\/em> Santa In\u00eas, que acontecer\u00e1 no dia 20 de novembro de 2019.<\/p>\n\n\n\n<p><strong>As inscri\u00e7\u00f5es acontecem no per\u00edodo de 21 a 24 de outubro de 2019<\/strong>,  no N\u00facleo de Apoio Pedag\u00f3gico e Psicossocial (NAPSI).  Podem se candidatar a monitor(a)  estudante do IF Baiano <em>Campus<\/em> Santa In\u00eas com frequ\u00eancia regular.<\/p>\n\n\n\n<p>Ser\u00e3o disponibilizadas<strong> 30 vagas para Monitores<\/strong>, sendo 5 vagas para o Curso T\u00e9cnico em Agropecu\u00e1ria, 5 vagas para o Curso T\u00e9cnico em Zootecnia, 5 vagas para o Curso T\u00e9cnico em Alimentos, 5 vagas para o Curso de Licenciatura em Ci\u00eancias Biol\u00f3gicas, 5 vagas para o Curso de Licenciatura em Geografia e 5 vagas para o curso de Bacharelado em Zootecnia. <\/p>\n\n\n\n<p>Em caso de n\u00e3o preenchimento das vagas referentes aos cursos em ep\u00edgrafe, as vagas ser\u00e3o remanejadas para os demais cursos com maior n\u00famero de inscritos. <\/p>\n\n\n\n<p>O Processo seletivo ser\u00e1 coordenado pelo N\u00facleo de Apoio Pedag\u00f3gico e Psicossocial com base no Edital, entre os dias 29 a 31 de outubro. O resultado da Sele\u00e7\u00e3o de Monitores para a Feira de Sa\u00fade e Cidadania ser\u00e1 dia 04 de novembro.<\/p>\n\n\n\n<p>O exerc\u00edcio da monitoria na Feira de Sa\u00fade e Cidadania  n\u00e3o implica em  <br>em v\u00ednculo empregat\u00edcio com a Institui\u00e7\u00e3o nem pagamento de nenhuma bolsa remunerada. A Comiss\u00e3o do Programa de Preven\u00e7\u00e3o e Assist\u00eancia a Sa\u00fade \u2013 PRO-SA\u00daDE ir\u00e1 disponibilizar um certificado com carga hor\u00e1ria de 20h para cada Monitor. <\/p>\n\n\n\n<p><strong><a href=\"http:\/\/www.ifbaiano.edu.br\/unidades\/santaines\/files\/2019\/10\/Processo-Seletivo-Simplificado-Monitoria-Feira-de-Saude.pdf\">Todas as informa\u00e7\u00f5es referentes \u00e0 sele\u00e7\u00e3o est\u00e3o disponibilizadas no EDITAL.<\/a><\/strong><\/p>\n\n\n\n<p><a href=\"http:\/\/www.ifbaiano.edu.br\/unidades\/santaines\/files\/2019\/11\/selecionados-para-monitoria-da-feira-de-saude-e-cidadania-2019.pdf\"><strong>Lsta de Selecionados para Monitoria<\/strong><\/a><\/p>\n","protected":false},"excerpt":{"rendered":"<p>A Comiss\u00e3o Multiprofissional do Programa de Preven\u00e7\u00e3o e Assist\u00eancia a Sa\u00fade \u2013 PRO-SA\u00daDE, publica EDITAL PARA SELE\u00c7\u00c3O DE MONITORES da Feira de Sa\u00fade e Cidadania do Campus Santa In\u00eas, que acontecer\u00e1 no dia 20 de novembro de 2019. As inscri\u00e7\u00f5es acontecem no per\u00edodo de 21 a 24 de outubro de 2019, no N\u00facleo de Apoio [&hellip;]<\/p>\n","protected":false},"author":86,"featured_media":12558,"comment_status":"closed","ping_status":"closed","sticky":false,"template":"","format":"standard","meta":[],"categories":[4,38,10,8,57],"tags":[],"_links":{"self":[{"href":"https:\/\/www.ifbaiano.edu.br\/unidades\/santaines\/wp-json\/wp\/v2\/posts\/12769"}],"collection":[{"href":"https:\/\/www.ifbaiano.edu.br\/unidades\/santaines\/wp-json\/wp\/v2\/posts"}],"about":[{"href":"https:\/\/www.ifbaiano.edu.br\/unidades\/santaines\/wp-json\/wp\/v2\/types\/post"}],"author":[{"embeddable":true,"href":"https:\/\/www.ifbaiano.edu.br\/unidades\/santaines\/wp-json\/wp\/v2\/users\/86"}],"replies":[{"embeddable":true,"href":"https:\/\/www.ifbaiano.edu.br\/unidades\/santaines\/wp-json\/wp\/v2\/comments?post=12769"}],"version-history":[{"count":4,"href":"https:\/\/www.ifbaiano.edu.br\/unidades\/santaines\/wp-json\/wp\/v2\/posts\/12769\/revisions"}],"predecessor-version":[{"id":12839,"href":"https:\/\/www.ifbaiano.edu.br\/unidades\/santaines\/wp-json\/wp\/v2\/posts\/12769\/revisions\/12839"}],"wp:featuredmedia":[{"embeddable":true,"href":"https:\/\/www.ifbaiano.edu.br\/unidades\/santaines\/wp-json\/wp\/v2\/media\/12558"}],"wp:attachment":[{"href":"https:\/\/www.ifbaiano.edu.br\/unidades\/santaines\/wp-json\/wp\/v2\/media?parent=12769"}],"wp:term":[{"taxonomy":"category","embeddable":true,"href":"https:\/\/www.ifbaiano.edu.br\/unidades\/santaines\/wp-json\/wp\/v2\/categories?post=12769"},{"taxonomy":"post_tag","embeddable":true,"href":"https:\/\/www.ifbaiano.edu.br\/unidades\/santaines\/wp-json\/wp\/v2\/tags?post=12769"}],"curies":[{"name":"wp","href":"https:\/\/api.w.org\/{rel}","templated":true}]}}