{"id":12778,"date":"2019-10-22T08:48:06","date_gmt":"2019-10-22T11:48:06","guid":{"rendered":"http:\/\/www.ifbaiano.edu.br\/unidades\/santaines\/?p=12778"},"modified":"2019-10-22T08:48:06","modified_gmt":"2019-10-22T11:48:06","slug":"ensinando-com-arte-foi-o-tema-da-ii-semana-de-biologia-do-if-baiano-campus-santa-ines","status":"publish","type":"post","link":"https:\/\/www.ifbaiano.edu.br\/unidades\/santaines\/ensinando-com-arte-foi-o-tema-da-ii-semana-de-biologia-do-if-baiano-campus-santa-ines\/","title":{"rendered":"&#8220;Ensinando com Arte &#8221; foi o tema da II Semana de Biologia do IF Baiano Campus Santa In\u00eas"},"content":{"rendered":"\n<p>Entre os dias 16 e 18 de outubro aconteceu, no IF Baiano campus Santa In\u00eas, a II Semana de Biologia com tema &#8220;Ensinando com Arte &#8220;. <\/p>\n\n\n\n<ul class=\"wp-block-gallery columns-3 is-cropped wp-block-gallery-1 is-layout-flex\"><li class=\"blocks-gallery-item\"><figure><img decoding=\"async\" loading=\"lazy\" width=\"1280\" height=\"622\" src=\"http:\/\/www.ifbaiano.edu.br\/unidades\/santaines\/files\/2019\/10\/8bcb33bc-fc4a-430b-abee-9b784e83c97e.jpg\" alt=\"\" data-id=\"12779\" data-link=\"http:\/\/www.ifbaiano.edu.br\/unidades\/santaines\/?attachment_id=12779\" class=\"wp-image-12779\" \/><\/figure><\/li><li class=\"blocks-gallery-item\"><figure><img decoding=\"async\" loading=\"lazy\" width=\"1280\" height=\"622\" src=\"http:\/\/www.ifbaiano.edu.br\/unidades\/santaines\/files\/2019\/10\/bfb80490-10df-4911-84c5-3c394d0530c4.jpg\" alt=\"\" data-id=\"12780\" data-link=\"http:\/\/www.ifbaiano.edu.br\/unidades\/santaines\/?attachment_id=12780\" class=\"wp-image-12780\" \/><\/figure><\/li><li class=\"blocks-gallery-item\"><figure><img decoding=\"async\" loading=\"lazy\" width=\"1280\" height=\"622\" src=\"http:\/\/www.ifbaiano.edu.br\/unidades\/santaines\/files\/2019\/10\/c1cfbc10-c8be-4162-b5c9-907da62ebed6.jpg\" alt=\"\" data-id=\"12781\" data-link=\"http:\/\/www.ifbaiano.edu.br\/unidades\/santaines\/?attachment_id=12781\" class=\"wp-image-12781\" \/><\/figure><\/li><\/ul>\n\n\n\n<p>O evento, voltado a professores e estudantes de cursos de Licenciatura, proporcionou aos 135 participantes inscritos uma programa\u00e7\u00e3o variada, com palestras, oficinas, apresenta\u00e7\u00f5es de trabalhos acad\u00eamicos e apresenta\u00e7\u00f5es culturais. <\/p>\n\n\n\n<p>A proposta do evento foi discutir a import\u00e2ncia da arte para o ensino da Biologia e valorizar a interdisciplinaridade dessas \u00e1reas. O evento, considerado inovador em sua proposta e metodologia pelos participantes,  foi muito elogiado por todos. <\/p>\n\n\n\n<p>Durante as oficinas os participantes puderam aprender a trabalhar diferentes linguagens das artes aplicadas ao ensino,  como a escultura, desenho, fotografia,  grafite entre outras.<\/p>\n\n\n\n<ul class=\"wp-block-gallery columns-3 is-cropped wp-block-gallery-3 is-layout-flex\"><li class=\"blocks-gallery-item\"><figure><img decoding=\"async\" loading=\"lazy\" width=\"1280\" height=\"720\" src=\"http:\/\/www.ifbaiano.edu.br\/unidades\/santaines\/files\/2019\/10\/0aaf91c4-02ef-4b91-855f-2808cefc500c.jpg\" alt=\"\" data-id=\"12782\" data-link=\"http:\/\/www.ifbaiano.edu.br\/unidades\/santaines\/?attachment_id=12782\" class=\"wp-image-12782\" \/><\/figure><\/li><li class=\"blocks-gallery-item\"><figure><img decoding=\"async\" loading=\"lazy\" width=\"1280\" height=\"720\" src=\"http:\/\/www.ifbaiano.edu.br\/unidades\/santaines\/files\/2019\/10\/7aec3f31-0684-41c8-8f0f-907f2a39b921.jpg\" alt=\"\" data-id=\"12783\" data-link=\"http:\/\/www.ifbaiano.edu.br\/unidades\/santaines\/?attachment_id=12783\" class=\"wp-image-12783\" \/><\/figure><\/li><li class=\"blocks-gallery-item\"><figure><img decoding=\"async\" loading=\"lazy\" width=\"1280\" height=\"622\" src=\"http:\/\/www.ifbaiano.edu.br\/unidades\/santaines\/files\/2019\/10\/224a33bd-1f60-472a-8048-a79cbd46d7f4.jpg\" alt=\"\" data-id=\"12784\" data-link=\"http:\/\/www.ifbaiano.edu.br\/unidades\/santaines\/?attachment_id=12784\" class=\"wp-image-12784\" \/><\/figure><\/li><\/ul>\n\n\n\n<ul class=\"wp-block-gallery columns-3 is-cropped wp-block-gallery-5 is-layout-flex\"><li class=\"blocks-gallery-item\"><figure><img decoding=\"async\" loading=\"lazy\" width=\"1280\" height=\"622\" src=\"http:\/\/www.ifbaiano.edu.br\/unidades\/santaines\/files\/2019\/10\/1ecc0ca8-229a-46cb-a093-904070b78c92.jpg\" alt=\"\" data-id=\"12788\" data-link=\"http:\/\/www.ifbaiano.edu.br\/unidades\/santaines\/?attachment_id=12788\" class=\"wp-image-12788\" \/><\/figure><\/li><li class=\"blocks-gallery-item\"><figure><img decoding=\"async\" loading=\"lazy\" width=\"1280\" height=\"622\" src=\"http:\/\/www.ifbaiano.edu.br\/unidades\/santaines\/files\/2019\/10\/21a18420-67d4-4766-ad22-117c20006d30.jpg\" alt=\"\" data-id=\"12789\" data-link=\"http:\/\/www.ifbaiano.edu.br\/unidades\/santaines\/?attachment_id=12789\" class=\"wp-image-12789\" \/><\/figure><\/li><li class=\"blocks-gallery-item\"><figure><img decoding=\"async\" loading=\"lazy\" width=\"1280\" height=\"622\" src=\"http:\/\/www.ifbaiano.edu.br\/unidades\/santaines\/files\/2019\/10\/d5da37f5-0575-42ba-a052-b581b37db675.jpg\" alt=\"\" data-id=\"12790\" data-link=\"http:\/\/www.ifbaiano.edu.br\/unidades\/santaines\/?attachment_id=12790\" class=\"wp-image-12790\" \/><\/figure><\/li><\/ul>\n\n\n\n<ul class=\"wp-block-gallery columns-3 is-cropped wp-block-gallery-7 is-layout-flex\"><li class=\"blocks-gallery-item\"><figure><img decoding=\"async\" loading=\"lazy\" width=\"1280\" height=\"622\" src=\"http:\/\/www.ifbaiano.edu.br\/unidades\/santaines\/files\/2019\/10\/1f60d395-48d6-4923-918e-563a0249a665.jpg\" alt=\"\" data-id=\"12785\" data-link=\"http:\/\/www.ifbaiano.edu.br\/unidades\/santaines\/?attachment_id=12785\" class=\"wp-image-12785\" \/><\/figure><\/li><li class=\"blocks-gallery-item\"><figure><img decoding=\"async\" loading=\"lazy\" width=\"1280\" height=\"622\" src=\"http:\/\/www.ifbaiano.edu.br\/unidades\/santaines\/files\/2019\/10\/02aed86f-9714-4ef0-8ba1-d47c52add43d.jpg\" alt=\"\" data-id=\"12786\" data-link=\"http:\/\/www.ifbaiano.edu.br\/unidades\/santaines\/?attachment_id=12786\" class=\"wp-image-12786\" \/><\/figure><\/li><li class=\"blocks-gallery-item\"><figure><img decoding=\"async\" loading=\"lazy\" width=\"720\" height=\"548\" src=\"http:\/\/www.ifbaiano.edu.br\/unidades\/santaines\/files\/2019\/10\/d3b33731-5e2e-4aca-a2de-3f49a39aa1c3.jpg\" alt=\"\" data-id=\"12787\" data-link=\"http:\/\/www.ifbaiano.edu.br\/unidades\/santaines\/?attachment_id=12787\" class=\"wp-image-12787\" \/><\/figure><\/li><\/ul>\n","protected":false},"excerpt":{"rendered":"<p>Evento aconteceu entre os dias 16 e 18 de outubro<\/p>\n","protected":false},"author":86,"featured_media":12793,"comment_status":"closed","ping_status":"closed","sticky":false,"template":"","format":"standard","meta":[],"categories":[4,12,23,10,57],"tags":[],"_links":{"self":[{"href":"https:\/\/www.ifbaiano.edu.br\/unidades\/santaines\/wp-json\/wp\/v2\/posts\/12778"}],"collection":[{"href":"https:\/\/www.ifbaiano.edu.br\/unidades\/santaines\/wp-json\/wp\/v2\/posts"}],"about":[{"href":"https:\/\/www.ifbaiano.edu.br\/unidades\/santaines\/wp-json\/wp\/v2\/types\/post"}],"author":[{"embeddable":true,"href":"https:\/\/www.ifbaiano.edu.br\/unidades\/santaines\/wp-json\/wp\/v2\/users\/86"}],"replies":[{"embeddable":true,"href":"https:\/\/www.ifbaiano.edu.br\/unidades\/santaines\/wp-json\/wp\/v2\/comments?post=12778"}],"version-history":[{"count":3,"href":"https:\/\/www.ifbaiano.edu.br\/unidades\/santaines\/wp-json\/wp\/v2\/posts\/12778\/revisions"}],"predecessor-version":[{"id":12794,"href":"https:\/\/www.ifbaiano.edu.br\/unidades\/santaines\/wp-json\/wp\/v2\/posts\/12778\/revisions\/12794"}],"wp:featuredmedia":[{"embeddable":true,"href":"https:\/\/www.ifbaiano.edu.br\/unidades\/santaines\/wp-json\/wp\/v2\/media\/12793"}],"wp:attachment":[{"href":"https:\/\/www.ifbaiano.edu.br\/unidades\/santaines\/wp-json\/wp\/v2\/media?parent=12778"}],"wp:term":[{"taxonomy":"category","embeddable":true,"href":"https:\/\/www.ifbaiano.edu.br\/unidades\/santaines\/wp-json\/wp\/v2\/categories?post=12778"},{"taxonomy":"post_tag","embeddable":true,"href":"https:\/\/www.ifbaiano.edu.br\/unidades\/santaines\/wp-json\/wp\/v2\/tags?post=12778"}],"curies":[{"name":"wp","href":"https:\/\/api.w.org\/{rel}","templated":true}]}}