{"id":12799,"date":"2019-10-30T19:20:38","date_gmt":"2019-10-30T22:20:38","guid":{"rendered":"http:\/\/www.ifbaiano.edu.br\/unidades\/santaines\/?p=12799"},"modified":"2019-10-30T19:22:35","modified_gmt":"2019-10-30T22:22:35","slug":"campus-santa-ines-realiza-reunioes-de-pais-e-mestres","status":"publish","type":"post","link":"https:\/\/www.ifbaiano.edu.br\/unidades\/santaines\/campus-santa-ines-realiza-reunioes-de-pais-e-mestres\/","title":{"rendered":"Campus Santa In\u00eas realiza reuni\u00f5es com pais de estudantes"},"content":{"rendered":"\n<p>Nos dias 23 e 30 de outubro aconteceram, no campus Santa In\u00eas, as reuni\u00f5es de pais e mestres referentes ao primeiro semestre do ano letivo 2019. O Diretor Geral, Abdon Santos Nogueira, abriu a reuni\u00e3o recepcionando os pais\/respons\u00e1veis presentes enfatizando a import\u00e2ncia da participa\u00e7\u00e3o permanente na educa\u00e7\u00e3o dos estudantes. <\/p>\n\n\n\n<figure class=\"wp-block-image is-resized\"><img decoding=\"async\" loading=\"lazy\" src=\"http:\/\/www.ifbaiano.edu.br\/unidades\/santaines\/files\/2019\/10\/07b231af-5c49-4d8f-9f66-2b881f107a5e.jpg\" alt=\"\" class=\"wp-image-12800\" width=\"373\" height=\"497\" \/><\/figure>\n\n\n\n<p>Em seguida, a Diretora Acad\u00eamica Substituta, Viviane Leporace, destacou, especialmente, as quest\u00f5es relacionadas aos prazos para realiza\u00e7\u00e3o de est\u00e1gios daqueles discentes que se encontram em fase de conclus\u00e3o da terceira s\u00e9rie. <\/p>\n\n\n\n<p>O Coordenador de Ensino, Vin\u00edcius Reis, demonstrou aos presentes como os principais problemas observados nos conselhos progn\u00f3stico e diagn\u00f3stico est\u00e3o sendo tratados por toda a equipe pedag\u00f3gica para melhorar a adapta\u00e7\u00e3o e conviv\u00eancia dos estudantes no <em>campus<\/em>. <\/p>\n\n\n\n<p>Foi abordado pela Coordena\u00e7\u00e3o de Ensino a import\u00e2ncia de otimizar o tempo entre as atividades acad\u00eamicas e o uso, em excesso, de redes sociais, o que pode prejudicar o desempenho dos discentes. Foi reiterada, tamb\u00e9m, a import\u00e2ncia de estarem atentos \u00e0s datas do calend\u00e1rio acad\u00eamico, especialmente ap\u00f3s o recesso de final de ano. <\/p>\n\n\n\n<ul class=\"wp-block-gallery columns-3 is-cropped wp-block-gallery-1 is-layout-flex\"><li class=\"blocks-gallery-item\"><figure><img decoding=\"async\" loading=\"lazy\" width=\"1280\" height=\"960\" src=\"http:\/\/www.ifbaiano.edu.br\/unidades\/santaines\/files\/2019\/10\/1.jpg\" alt=\"\" data-id=\"12801\" data-link=\"http:\/\/www.ifbaiano.edu.br\/unidades\/santaines\/?attachment_id=12801\" class=\"wp-image-12801\" \/><\/figure><\/li><li class=\"blocks-gallery-item\"><figure><img decoding=\"async\" loading=\"lazy\" width=\"1280\" height=\"960\" src=\"http:\/\/www.ifbaiano.edu.br\/unidades\/santaines\/files\/2019\/10\/5.jpg\" alt=\"\" data-id=\"12802\" data-link=\"http:\/\/www.ifbaiano.edu.br\/unidades\/santaines\/?attachment_id=12802\" class=\"wp-image-12802\" \/><\/figure><\/li><li class=\"blocks-gallery-item\"><figure><img decoding=\"async\" loading=\"lazy\" width=\"1280\" height=\"960\" src=\"http:\/\/www.ifbaiano.edu.br\/unidades\/santaines\/files\/2019\/10\/4.jpg\" alt=\"\" data-id=\"12809\" data-link=\"http:\/\/www.ifbaiano.edu.br\/unidades\/santaines\/?attachment_id=12809\" class=\"wp-image-12809\" \/><\/figure><\/li><\/ul>\n\n\n\n<p>A Coordena\u00e7\u00e3o de Assuntos Estudantis, nas pessoas de \u00c2ngelo Francisco e Nelian Nascimento, abordaram, mais uma vez, a necessidade dos pais colaborarem com a correta utiliza\u00e7\u00e3o de uniforme por parte dos estudantes, bem como, de equipamentos de prote\u00e7\u00e3o individual (EPIs). Na oportunidade, foi informado sobre o processo seletivo para ingresso de estudantes que est\u00e1 em curso para novas vagas em 2020. <\/p>\n\n\n\n<p>Por fim, foram entregues os boletins e os pais tiveram oportunidade de dialogarem com os docentes no intuito de seguir construindo juntos uma educa\u00e7\u00e3o de qualidade. <\/p>\n\n\n\n<ul class=\"wp-block-gallery columns-3 is-cropped wp-block-gallery-3 is-layout-flex\"><li class=\"blocks-gallery-item\"><figure><img decoding=\"async\" loading=\"lazy\" width=\"1280\" height=\"960\" src=\"http:\/\/www.ifbaiano.edu.br\/unidades\/santaines\/files\/2019\/10\/6.jpg\" alt=\"\" data-id=\"12804\" data-link=\"http:\/\/www.ifbaiano.edu.br\/unidades\/santaines\/?attachment_id=12804\" class=\"wp-image-12804\" \/><\/figure><\/li><li class=\"blocks-gallery-item\"><figure><img decoding=\"async\" loading=\"lazy\" width=\"1280\" height=\"960\" src=\"http:\/\/www.ifbaiano.edu.br\/unidades\/santaines\/files\/2019\/10\/7-1.jpg\" alt=\"\" data-id=\"12805\" data-link=\"http:\/\/www.ifbaiano.edu.br\/unidades\/santaines\/?attachment_id=12805\" class=\"wp-image-12805\" \/><\/figure><\/li><li class=\"blocks-gallery-item\"><figure><img decoding=\"async\" loading=\"lazy\" width=\"1280\" height=\"960\" src=\"http:\/\/www.ifbaiano.edu.br\/unidades\/santaines\/files\/2019\/10\/3.jpg\" alt=\"\" data-id=\"12806\" data-link=\"http:\/\/www.ifbaiano.edu.br\/unidades\/santaines\/?attachment_id=12806\" class=\"wp-image-12806\" \/><\/figure><\/li><\/ul>\n\n\n\n<p><br><\/p>\n","protected":false},"excerpt":{"rendered":"<p>Reuni\u00f5es aconteceram nos dias 23 e 30 de outubro<\/p>\n","protected":false},"author":86,"featured_media":12808,"comment_status":"closed","ping_status":"closed","sticky":false,"template":"","format":"standard","meta":[],"categories":[4,13,10,57],"tags":[],"_links":{"self":[{"href":"https:\/\/www.ifbaiano.edu.br\/unidades\/santaines\/wp-json\/wp\/v2\/posts\/12799"}],"collection":[{"href":"https:\/\/www.ifbaiano.edu.br\/unidades\/santaines\/wp-json\/wp\/v2\/posts"}],"about":[{"href":"https:\/\/www.ifbaiano.edu.br\/unidades\/santaines\/wp-json\/wp\/v2\/types\/post"}],"author":[{"embeddable":true,"href":"https:\/\/www.ifbaiano.edu.br\/unidades\/santaines\/wp-json\/wp\/v2\/users\/86"}],"replies":[{"embeddable":true,"href":"https:\/\/www.ifbaiano.edu.br\/unidades\/santaines\/wp-json\/wp\/v2\/comments?post=12799"}],"version-history":[{"count":3,"href":"https:\/\/www.ifbaiano.edu.br\/unidades\/santaines\/wp-json\/wp\/v2\/posts\/12799\/revisions"}],"predecessor-version":[{"id":12811,"href":"https:\/\/www.ifbaiano.edu.br\/unidades\/santaines\/wp-json\/wp\/v2\/posts\/12799\/revisions\/12811"}],"wp:featuredmedia":[{"embeddable":true,"href":"https:\/\/www.ifbaiano.edu.br\/unidades\/santaines\/wp-json\/wp\/v2\/media\/12808"}],"wp:attachment":[{"href":"https:\/\/www.ifbaiano.edu.br\/unidades\/santaines\/wp-json\/wp\/v2\/media?parent=12799"}],"wp:term":[{"taxonomy":"category","embeddable":true,"href":"https:\/\/www.ifbaiano.edu.br\/unidades\/santaines\/wp-json\/wp\/v2\/categories?post=12799"},{"taxonomy":"post_tag","embeddable":true,"href":"https:\/\/www.ifbaiano.edu.br\/unidades\/santaines\/wp-json\/wp\/v2\/tags?post=12799"}],"curies":[{"name":"wp","href":"https:\/\/api.w.org\/{rel}","templated":true}]}}