{"id":12815,"date":"2019-11-01T17:50:01","date_gmt":"2019-11-01T20:50:01","guid":{"rendered":"http:\/\/www.ifbaiano.edu.br\/unidades\/santaines\/?p=12815"},"modified":"2019-11-01T17:51:37","modified_gmt":"2019-11-01T20:51:37","slug":"projeto-libras-in-concert-do-campus-santa-ines-leva-segundo-lugar-no-iii-premio-ifce-inclusivo","status":"publish","type":"post","link":"https:\/\/www.ifbaiano.edu.br\/unidades\/santaines\/projeto-libras-in-concert-do-campus-santa-ines-leva-segundo-lugar-no-iii-premio-ifce-inclusivo\/","title":{"rendered":"Projeto Libras In Concert, do Campus Santa In\u00eas, leva segundo lugar no III Pr\u00eamio IFCE Inclusivo"},"content":{"rendered":"\n<p>O projeto&nbsp;<strong><em>Libras&nbsp;in&nbsp;Concert<\/em>,&nbsp;<\/strong>desenvolvido pelo NAPNE do IF Baiano&nbsp;<em>Campus<\/em>&nbsp;Santa In\u00eas, foi premiado em segundo lugar no<a href=\"https:\/\/ifce.edu.br\/maracanau\/menu\/uploads\/editais\/2019\/iii-premio-ifce-inclusivo\/\">&nbsp;III Pr\u00eamio IFCE Inclusivo<\/a>, promovido pelo Instituto Federal de Educa\u00e7\u00e3o, Ci\u00eancia e Tecnologia do Cear\u00e1 (IFCE) \u2013 Campus Maracana\u00fa. Para chegar ao resultado, a premia\u00e7\u00e3o avaliou 28 projetos de institui\u00e7\u00f5es federais, em tr\u00eas etapas, com a proposta de valorizar, difundir, prestigiar e proporcionar o interc\u00e2mbio de pr\u00e1ticas educacionais inclusivas.<\/p>\n\n\n\n<figure class=\"wp-block-image\"><img decoding=\"async\" loading=\"lazy\" width=\"1280\" height=\"1280\" src=\"http:\/\/www.ifbaiano.edu.br\/unidades\/santaines\/files\/2019\/11\/3ae54d80-f2c4-43f3-ba99-3a1abf9120ec.jpg\" alt=\"\" class=\"wp-image-12816\" \/><\/figure>\n\n\n\n<p>Al\u00e9m da certifica\u00e7\u00e3o, o projeto&nbsp;<strong><em>Libras in Concert<\/em>&nbsp;<\/strong>recebeu como premia\u00e7\u00e3o um Kit Inclusivo, que ser\u00e1 utilizado pelo NAPNE (Campus Santa In\u00eas) para dar continuidade \u00e0s a\u00e7\u00f5es do setor com diferentes abordagens atrav\u00e9s de oficinas, projetos, cursos e outras atividades que evidenciam a inclus\u00e3o.<\/p>\n\n\n\n<p>O projeto <em>\u201cLibras in concert\u201d<\/em> tem o objetivo de contribuir para a afirma\u00e7\u00e3o da cultura e identidade surda, e difus\u00e3o da L\u00edngua Brasileira de Sinais atrav\u00e9s da interpreta\u00e7\u00e3o musical. A ideia \u00e9 de aliar m\u00fasica, que \u00e9 um meio integrador, motivador e facilitador no processo de aprendizagem, com a Libras numa forma de contribuir para a diminui\u00e7\u00e3o de pr\u00e1ticas exclusivas. Dessa forma, o Napne do campus oferece semanalmente a constru\u00e7\u00e3o do conhecimento da L\u00edngua Brasileira de Sinais sobre a forma musicalizada aos discentes dos cursos dos n\u00edveis m\u00e9dio, subsequente e superior do Campus Santa In\u00eas. As oficinas musicais tamb\u00e9m s\u00e3o levadas as escolas municipais e estaduais do munic\u00edpio. A partir dessas oficinas de pr\u00e1tica e ensaio, os musicais s\u00e3o levados para \u00e1reas de socializa\u00e7\u00e3o do&nbsp;<em>campus<\/em>.<\/p>\n\n\n\n<ul class=\"wp-block-gallery columns-3 is-cropped wp-block-gallery-1 is-layout-flex\"><li class=\"blocks-gallery-item\"><figure><img decoding=\"async\" loading=\"lazy\" width=\"1280\" height=\"960\" src=\"http:\/\/www.ifbaiano.edu.br\/unidades\/santaines\/files\/2019\/11\/05b12e0b-14f7-413e-8065-6a538109178f.jpg\" alt=\"\" data-id=\"12817\" data-link=\"http:\/\/www.ifbaiano.edu.br\/unidades\/santaines\/?attachment_id=12817\" class=\"wp-image-12817\" \/><\/figure><\/li><li class=\"blocks-gallery-item\"><figure><img decoding=\"async\" loading=\"lazy\" width=\"1024\" height=\"768\" src=\"http:\/\/www.ifbaiano.edu.br\/unidades\/santaines\/files\/2019\/11\/5fa9be41-3049-4d07-bf89-d1354126edab.jpg\" alt=\"\" data-id=\"12818\" data-link=\"http:\/\/www.ifbaiano.edu.br\/unidades\/santaines\/?attachment_id=12818\" class=\"wp-image-12818\" \/><\/figure><\/li><li class=\"blocks-gallery-item\"><figure><img decoding=\"async\" loading=\"lazy\" width=\"1280\" height=\"960\" src=\"http:\/\/www.ifbaiano.edu.br\/unidades\/santaines\/files\/2019\/11\/a3ce3fe9-f259-461c-a2b6-e07774eefefd.jpg\" alt=\"\" data-id=\"12819\" data-link=\"http:\/\/www.ifbaiano.edu.br\/unidades\/santaines\/?attachment_id=12819\" class=\"wp-image-12819\" \/><\/figure><\/li><\/ul>\n\n\n\n<p>Segundo a coordenadora do projeto, Roselin Reis, \u201ca premia\u00e7\u00e3o demonstrou para a equipe do projeto que estamos trilhando no caminho certo. Muito ainda est\u00e1 por vir, pois, participar do concurso e conseguir esse pr\u00eamio nos incetiva a continuar propondo novos m\u00e9todos inclusivos. Agradecemos \u00e0 todos\/as que ajudaram a divulgar nosso projeto atrav\u00e9s das redes sociais e torceram juntos porque esse pr\u00eamio \u00e9 nosso\u201d.<\/p>\n\n\n\n<p>A equipe do projeto conta tamb\u00e9m com a participa\u00e7\u00e3o dos servidores Marisa Tom\u00e9 e Valmir Andrade, das estudantes Mirele Ribeiro, T\u00e2nia de Jesus, Tamires Lima, Emilly Novaes, Lu\u00edsa morbeck e Luana Moura e da colaboradora Heide Ara\u00fajo.<\/p>\n\n\n\n<ul class=\"wp-block-gallery columns-3 is-cropped wp-block-gallery-3 is-layout-flex\"><li class=\"blocks-gallery-item\"><figure><img decoding=\"async\" loading=\"lazy\" width=\"1280\" height=\"960\" src=\"http:\/\/www.ifbaiano.edu.br\/unidades\/santaines\/files\/2019\/11\/53b7ac00-1605-4dd3-8932-b66b79141a6f.jpg\" alt=\"\" data-id=\"12820\" data-link=\"http:\/\/www.ifbaiano.edu.br\/unidades\/santaines\/?attachment_id=12820\" class=\"wp-image-12820\" \/><\/figure><\/li><li class=\"blocks-gallery-item\"><figure><img decoding=\"async\" loading=\"lazy\" width=\"1024\" height=\"768\" src=\"http:\/\/www.ifbaiano.edu.br\/unidades\/santaines\/files\/2019\/11\/b16d3ab4-1edd-4755-895e-c105ac355007.jpg\" alt=\"\" data-id=\"12821\" data-link=\"http:\/\/www.ifbaiano.edu.br\/unidades\/santaines\/?attachment_id=12821\" class=\"wp-image-12821\" \/><\/figure><\/li><li class=\"blocks-gallery-item\"><figure><img decoding=\"async\" loading=\"lazy\" width=\"1280\" height=\"960\" src=\"http:\/\/www.ifbaiano.edu.br\/unidades\/santaines\/files\/2019\/11\/ce95dc7c-9421-4f8f-bebe-633c8ac8a1df.jpg\" alt=\"\" data-id=\"12822\" data-link=\"http:\/\/www.ifbaiano.edu.br\/unidades\/santaines\/?attachment_id=12822\" class=\"wp-image-12822\" \/><\/figure><\/li><\/ul>\n\n\n\n<p>Para visualizar o v\u00eddeo do projeto, acesse:&nbsp;<strong><a href=\"https:\/\/www.instagram.com\/p\/B3nJnvLHR2z\/?igshid=1uygtv260gugk\" target=\"_blank\" rel=\"noreferrer noopener\">https:\/\/www.instagram.com\/p\/B3nJnvLHR2z\/?igshid=1uygtv260gugk<\/a><\/strong><\/p>\n","protected":false},"excerpt":{"rendered":"<p>O projeto&nbsp;Libras&nbsp;in&nbsp;Concert,&nbsp;desenvolvido pelo NAPNE do IF Baiano&nbsp;Campus&nbsp;Santa In\u00eas, foi premiado em segundo lugar no&nbsp;III Pr\u00eamio IFCE Inclusivo, promovido pelo Instituto Federal de Educa\u00e7\u00e3o, Ci\u00eancia e Tecnologia do Cear\u00e1 (IFCE) \u2013 Campus Maracana\u00fa. Para chegar ao resultado, a premia\u00e7\u00e3o avaliou 28 projetos de institui\u00e7\u00f5es federais, em tr\u00eas etapas, com a proposta de valorizar, difundir, prestigiar e [&hellip;]<\/p>\n","protected":false},"author":86,"featured_media":12817,"comment_status":"closed","ping_status":"closed","sticky":false,"template":"","format":"standard","meta":[],"categories":[4,10,57],"tags":[],"_links":{"self":[{"href":"https:\/\/www.ifbaiano.edu.br\/unidades\/santaines\/wp-json\/wp\/v2\/posts\/12815"}],"collection":[{"href":"https:\/\/www.ifbaiano.edu.br\/unidades\/santaines\/wp-json\/wp\/v2\/posts"}],"about":[{"href":"https:\/\/www.ifbaiano.edu.br\/unidades\/santaines\/wp-json\/wp\/v2\/types\/post"}],"author":[{"embeddable":true,"href":"https:\/\/www.ifbaiano.edu.br\/unidades\/santaines\/wp-json\/wp\/v2\/users\/86"}],"replies":[{"embeddable":true,"href":"https:\/\/www.ifbaiano.edu.br\/unidades\/santaines\/wp-json\/wp\/v2\/comments?post=12815"}],"version-history":[{"count":3,"href":"https:\/\/www.ifbaiano.edu.br\/unidades\/santaines\/wp-json\/wp\/v2\/posts\/12815\/revisions"}],"predecessor-version":[{"id":12825,"href":"https:\/\/www.ifbaiano.edu.br\/unidades\/santaines\/wp-json\/wp\/v2\/posts\/12815\/revisions\/12825"}],"wp:featuredmedia":[{"embeddable":true,"href":"https:\/\/www.ifbaiano.edu.br\/unidades\/santaines\/wp-json\/wp\/v2\/media\/12817"}],"wp:attachment":[{"href":"https:\/\/www.ifbaiano.edu.br\/unidades\/santaines\/wp-json\/wp\/v2\/media?parent=12815"}],"wp:term":[{"taxonomy":"category","embeddable":true,"href":"https:\/\/www.ifbaiano.edu.br\/unidades\/santaines\/wp-json\/wp\/v2\/categories?post=12815"},{"taxonomy":"post_tag","embeddable":true,"href":"https:\/\/www.ifbaiano.edu.br\/unidades\/santaines\/wp-json\/wp\/v2\/tags?post=12815"}],"curies":[{"name":"wp","href":"https:\/\/api.w.org\/{rel}","templated":true}]}}