{"id":12829,"date":"2019-11-04T16:34:50","date_gmt":"2019-11-04T19:34:50","guid":{"rendered":"http:\/\/www.ifbaiano.edu.br\/unidades\/santaines\/?p=12829"},"modified":"2019-11-11T16:13:12","modified_gmt":"2019-11-11T19:13:12","slug":"o-napne-e-o-neabi-do-if-baiano-campus-santa-ines-lancam-o-concurso-cultural-de-fotografia","status":"publish","type":"post","link":"https:\/\/www.ifbaiano.edu.br\/unidades\/santaines\/o-napne-e-o-neabi-do-if-baiano-campus-santa-ines-lancam-o-concurso-cultural-de-fotografia\/","title":{"rendered":"O NAPNE e o NEABI, do IF Baiano Campus Santa In\u00eas, lan\u00e7am o Concurso  cultural de Fotografia"},"content":{"rendered":"\n<p>Em comemora\u00e7\u00e3o ao novembro negro, o NAPNE e o NEABI lan\u00e7am o Concurso  Cultural de Fotografia com o tema: &#8220;O Sorriso Negro&#8221;. <\/p>\n\n\n\n<ul class=\"wp-block-gallery columns-3 is-cropped wp-block-gallery-1 is-layout-flex\"><li class=\"blocks-gallery-item\"><figure><img decoding=\"async\" loading=\"lazy\" width=\"1600\" height=\"902\" src=\"http:\/\/www.ifbaiano.edu.br\/unidades\/santaines\/files\/2018\/11\/Cleomar.jpg\" alt=\"\" data-id=\"11138\" data-link=\"http:\/\/www.ifbaiano.edu.br\/unidades\/santaines\/consciencia-negra-belezas-no-plural-exposicao-fotografica\/cleomar\/\" class=\"wp-image-11138\" \/><\/figure><\/li><li class=\"blocks-gallery-item\"><figure><img decoding=\"async\" loading=\"lazy\" width=\"1600\" height=\"1069\" src=\"http:\/\/www.ifbaiano.edu.br\/unidades\/santaines\/files\/2018\/11\/Alunos.jpg\" alt=\"\" data-id=\"11136\" data-link=\"http:\/\/www.ifbaiano.edu.br\/unidades\/santaines\/consciencia-negra-belezas-no-plural-exposicao-fotografica\/alunos-3\/\" class=\"wp-image-11136\" \/><\/figure><\/li><li class=\"blocks-gallery-item\"><figure><img decoding=\"async\" loading=\"lazy\" width=\"1600\" height=\"1067\" src=\"http:\/\/www.ifbaiano.edu.br\/unidades\/santaines\/files\/2018\/11\/Aluna-1.jpg\" alt=\"\" data-id=\"11113\" data-link=\"http:\/\/www.ifbaiano.edu.br\/unidades\/santaines\/consciencia-negra-belezas-no-plural-exposicao-fotografica\/aluna-1\/\" class=\"wp-image-11113\" \/><\/figure><\/li><\/ul>\n\n\n\n<p>O Concurso tem o  objetivo de destacar a cultura Negra na cidade de Santa In\u00eas e regi\u00f5es  adjacentes, nas comemora\u00e7\u00f5es do Novembro Negro. <\/p>\n\n\n\n<p>A expectativa \u00e9 envolver  a comunidade do IF Baiano Campus Santa In\u00eas em um concurso fotogr\u00e1fico,  valorizando a Comunidade Negra, de maneira que possa colaborar para a  dissemina\u00e7\u00e3o da Beleza Negra, suas culturas e proporcionar momentos  reflexivos quanto a quest\u00e3o do combate ao racismo e Igualdade Social. <\/p>\n\n\n\n<p>As  inscri\u00e7\u00f5es  s\u00e3o  gratuitas e podem participar: discentes,  servidores e terceirizados do IF Baiano Campus Santa In\u00eas. <\/p>\n\n\n\n<p>A <strong><a href=\"http:\/\/www.ifbaiano.edu.br\/unidades\/santaines\/files\/2019\/11\/Ficha-inscricao-Concurso-Fotografia.pdf\"> Ficha  de  Inscri\u00e7\u00e3o<\/a><\/strong> e <a href=\"http:\/\/www.ifbaiano.edu.br\/unidades\/santaines\/files\/2019\/11\/CESS\u00c3O-DE-IMAGEM-FORMULARIO_P\u00daBLICO-INTERNO.pdf\"><strong>Autoriza\u00e7\u00e3o  de  Uso  da Imagem<\/strong><\/a>,   juntamente   com   a   fotografia   devem   ser   enviadas   para   o   e-mail: valmir.andrade@ifbaiano.edu.br  ou roselin.reis@si.ifbaiano.edu.br no per\u00edodo de <strong>04\/11\/2019 a 10\/11\/2019.<\/strong> <\/p>\n\n\n\n<p>A Exposi\u00e7\u00e3o das fotos dos participantes premiados pelo Concurso acontece no  per\u00edodo  de  21  a  31\/11\/2019,  nas  depend\u00eancias  do  Pavilh\u00e3o  Superior.<\/p>\n\n\n\n<p>O encaminhamento   do   trabalho   implica na autoriza\u00e7\u00e3o para   sua   eventual publica\u00e7\u00e3o e\/ou divulga\u00e7\u00e3o por parte da Institui\u00e7\u00e3o.<\/p>\n\n\n\n<p>Todas as informa\u00e7\u00f5es referentes \u00e0 sele\u00e7\u00e3o est\u00e3o dispon\u00edveis no <strong><a href=\"http:\/\/www.ifbaiano.edu.br\/unidades\/santaines\/files\/2019\/11\/Edital_Concurso-de-fotografia.pdf\">EDITAL.<\/a><\/strong><\/p>\n\n\n\n<p>ATEN\u00c7\u00c3O! Houve retifica\u00e7\u00e3o do EDITAL. <strong><a href=\"http:\/\/www.ifbaiano.edu.br\/unidades\/santaines\/files\/2019\/11\/RETIFICA\u00c7\u00c3O_Concurso-cultural-de-Fotografia.pdf\">CLIQUE AQUI PARA ACESSO.<\/a><\/strong><\/p>\n\n\n\n<p><\/p>\n","protected":false},"excerpt":{"rendered":"<p>Em comemora\u00e7\u00e3o ao novembro negro, o NAPNE e o NEABI lan\u00e7am o Concurso Cultural de Fotografia com o tema: &#8220;O Sorriso Negro&#8221;. O Concurso tem o objetivo de destacar a cultura Negra na cidade de Santa In\u00eas e regi\u00f5es adjacentes, nas comemora\u00e7\u00f5es do Novembro Negro. A expectativa \u00e9 envolver a comunidade do IF Baiano Campus [&hellip;]<\/p>\n","protected":false},"author":86,"featured_media":0,"comment_status":"closed","ping_status":"closed","sticky":false,"template":"","format":"standard","meta":[],"categories":[4,10,1,57],"tags":[],"_links":{"self":[{"href":"https:\/\/www.ifbaiano.edu.br\/unidades\/santaines\/wp-json\/wp\/v2\/posts\/12829"}],"collection":[{"href":"https:\/\/www.ifbaiano.edu.br\/unidades\/santaines\/wp-json\/wp\/v2\/posts"}],"about":[{"href":"https:\/\/www.ifbaiano.edu.br\/unidades\/santaines\/wp-json\/wp\/v2\/types\/post"}],"author":[{"embeddable":true,"href":"https:\/\/www.ifbaiano.edu.br\/unidades\/santaines\/wp-json\/wp\/v2\/users\/86"}],"replies":[{"embeddable":true,"href":"https:\/\/www.ifbaiano.edu.br\/unidades\/santaines\/wp-json\/wp\/v2\/comments?post=12829"}],"version-history":[{"count":5,"href":"https:\/\/www.ifbaiano.edu.br\/unidades\/santaines\/wp-json\/wp\/v2\/posts\/12829\/revisions"}],"predecessor-version":[{"id":12849,"href":"https:\/\/www.ifbaiano.edu.br\/unidades\/santaines\/wp-json\/wp\/v2\/posts\/12829\/revisions\/12849"}],"wp:attachment":[{"href":"https:\/\/www.ifbaiano.edu.br\/unidades\/santaines\/wp-json\/wp\/v2\/media?parent=12829"}],"wp:term":[{"taxonomy":"category","embeddable":true,"href":"https:\/\/www.ifbaiano.edu.br\/unidades\/santaines\/wp-json\/wp\/v2\/categories?post=12829"},{"taxonomy":"post_tag","embeddable":true,"href":"https:\/\/www.ifbaiano.edu.br\/unidades\/santaines\/wp-json\/wp\/v2\/tags?post=12829"}],"curies":[{"name":"wp","href":"https:\/\/api.w.org\/{rel}","templated":true}]}}