{"id":12850,"date":"2019-11-13T12:42:46","date_gmt":"2019-11-13T15:42:46","guid":{"rendered":"http:\/\/www.ifbaiano.edu.br\/unidades\/santaines\/?p=12850"},"modified":"2019-11-13T12:42:46","modified_gmt":"2019-11-13T15:42:46","slug":"estudantes-do-campus-santa-ines-se-destacam-em-competicao-esportiva-municipal","status":"publish","type":"post","link":"https:\/\/www.ifbaiano.edu.br\/unidades\/santaines\/estudantes-do-campus-santa-ines-se-destacam-em-competicao-esportiva-municipal\/","title":{"rendered":"Estudantes do Campus Santa In\u00eas se destacam em competi\u00e7\u00e3o esportiva municipal"},"content":{"rendered":"\n<figure class=\"wp-block-image\"><img decoding=\"async\" loading=\"lazy\" width=\"718\" height=\"494\" src=\"http:\/\/www.ifbaiano.edu.br\/unidades\/santaines\/files\/2019\/11\/8e130742-e017-4b39-9db5-4ef4565be046.jpg\" alt=\"\" class=\"wp-image-12851\" \/><\/figure>\n\n\n\n<p>De 6 a 8 de novembro, estudantes do IF Baiano <em>Campus<\/em> Santa In\u00eas participaram dos Jogos Estudantis de Santa In\u00eas (JESTI 2019). A competi\u00e7\u00e3o \u00e9 promovida pela prefeitura municipal, atrav\u00e9s da Secretaria de Turismo, Esporte e Cultura e Secretaria Municipal de Educa\u00e7\u00e3o, em parceria com as demais secretarias do munic\u00edpio.<\/p>\n\n\n\n<p>As equipes do <em>campus<\/em> do IF\nBaiano demonstraram dedica\u00e7\u00e3o, determina\u00e7\u00e3o e esp\u00edrito esportivo\ne conquistaram primeiro lugar em nove modalidades esportivas\ndisputadas na competi\u00e7\u00e3o, que reuniu dezenas de atletas amadores de\ntodas as escolas do munic\u00edpio. &#8220;Fa\u00e7o um balan\u00e7o positivo, n\u00e3o\napenas pelo n\u00famero de premia\u00e7\u00f5es conquistadas, mas pela\noportunidade de integra\u00e7\u00e3o com estudantes de outras escolas do\nmunic\u00edpio de Santa In\u00eas, atrav\u00e9s de um evento esportivo alicer\u00e7ado\nem princ\u00edpios como coopera\u00e7\u00e3o, supera\u00e7\u00e3o, respeito e esp\u00edrito\ncoletivo&#8221;, comentou a professora de educa\u00e7\u00e3o f\u00edsica do Campus\nSanta In\u00eas, Jeane Viana. \n<\/p>\n\n\n\n<p><strong>Confira os resultados das equipes de\nestudantes do <em>campus<\/em>: <\/strong>\n<\/p>\n\n\n\n<p><br>\nT\u00eanis de mesa masculino \u2013\ncategoria infantil (1\u00ba, 2\u00ba e 3\u00ba lugares) e categoria adulto (1\u00ba e\n2\u00ba lugares);<br>\nXadrez masculino &#8211; (1\u00ba, 2\u00ba e 3\u00ba lugares) e\nfeminino (1\u00ba lugar);<br>\nCorrida r\u00fastica masculino (1\u00ba e 2\u00ba\nlugares) e feminino (1\u00ba e 2\u00ba lugares);<br>\nSalto \u00e0 dist\u00e2ncia\nmasculino (1\u00ba e 2\u00ba lugares);<br>\nVoleibol masculino (1\u00ba lugar) e\nfeminino (1\u00ba lugar);<br>\nBasquetebol masculino (1\u00ba\nlugar);<br>\nHandebol masculino (1\u00ba lugar);<br>\nFutsal masculino\ncategoria infantil (2\u00ba lugar) e feminino categoria infantil (1\u00ba\nlugar);<br>\nBaleado (1\u00ba lugar).<\/p>\n\n\n\n<p><strong>Sobre o JESTI<\/strong> &#8211; Os Jogos\nEstudantis de Santa In\u00eas ocorrem anualmente no munic\u00edpio buscando\ndesenvolver o interc\u00e2mbio s\u00f3cio-esportivo-cultural e contribuir\npara a forma\u00e7\u00e3o e exerc\u00edcio da cidadania dos educandos. A ideia \u00e9\ntamb\u00e9m promover a mobiliza\u00e7\u00e3o da juventude estudantil santineense\nde forma educativa e democr\u00e1tica em prol do esporte educacional. \n<\/p>\n\n\n\n<ul class=\"wp-block-gallery columns-3 is-cropped wp-block-gallery-1 is-layout-flex\"><li class=\"blocks-gallery-item\"><figure><img decoding=\"async\" loading=\"lazy\" width=\"1160\" height=\"842\" src=\"http:\/\/www.ifbaiano.edu.br\/unidades\/santaines\/files\/2019\/11\/310d4753-ad31-439c-b426-0d2394665225.jpg\" alt=\"\" data-id=\"12855\" data-link=\"http:\/\/www.ifbaiano.edu.br\/unidades\/santaines\/?attachment_id=12855\" class=\"wp-image-12855\" \/><\/figure><\/li><li class=\"blocks-gallery-item\"><figure><img decoding=\"async\" loading=\"lazy\" width=\"702\" height=\"482\" src=\"http:\/\/www.ifbaiano.edu.br\/unidades\/santaines\/files\/2019\/11\/ae90617f-e759-44c4-b20b-30d467714b09.jpg\" alt=\"\" data-id=\"12856\" data-link=\"http:\/\/www.ifbaiano.edu.br\/unidades\/santaines\/?attachment_id=12856\" class=\"wp-image-12856\" \/><\/figure><\/li><li class=\"blocks-gallery-item\"><figure><img decoding=\"async\" loading=\"lazy\" width=\"920\" height=\"616\" src=\"http:\/\/www.ifbaiano.edu.br\/unidades\/santaines\/files\/2019\/11\/eb432b57-a562-42f3-b6ca-bbbdb18b7488.jpg\" alt=\"\" data-id=\"12858\" data-link=\"http:\/\/www.ifbaiano.edu.br\/unidades\/santaines\/?attachment_id=12858\" class=\"wp-image-12858\" \/><\/figure><\/li><\/ul>\n\n\n\n<ul class=\"wp-block-gallery columns-3 is-cropped wp-block-gallery-3 is-layout-flex\"><li class=\"blocks-gallery-item\"><figure><img decoding=\"async\" loading=\"lazy\" width=\"1152\" height=\"864\" src=\"http:\/\/www.ifbaiano.edu.br\/unidades\/santaines\/files\/2019\/11\/6d1c1bbf-b514-456c-97af-83d0dc4b177c.jpg\" alt=\"\" data-id=\"12852\" data-link=\"http:\/\/www.ifbaiano.edu.br\/unidades\/santaines\/?attachment_id=12852\" class=\"wp-image-12852\" \/><\/figure><\/li><li class=\"blocks-gallery-item\"><figure><img decoding=\"async\" loading=\"lazy\" width=\"1152\" height=\"864\" src=\"http:\/\/www.ifbaiano.edu.br\/unidades\/santaines\/files\/2019\/11\/6f6306e9-86d6-4996-b537-758acb67aab2.jpg\" alt=\"\" data-id=\"12853\" data-link=\"http:\/\/www.ifbaiano.edu.br\/unidades\/santaines\/?attachment_id=12853\" class=\"wp-image-12853\" \/><\/figure><\/li><li class=\"blocks-gallery-item\"><figure><img decoding=\"async\" loading=\"lazy\" width=\"1048\" height=\"776\" src=\"http:\/\/www.ifbaiano.edu.br\/unidades\/santaines\/files\/2019\/11\/ef32edd5-0bd3-4f7b-8e7d-ea177fb844f1.jpg\" alt=\"\" data-id=\"12854\" data-link=\"http:\/\/www.ifbaiano.edu.br\/unidades\/santaines\/?attachment_id=12854\" class=\"wp-image-12854\" \/><\/figure><\/li><\/ul>\n\n\n\n<ul class=\"wp-block-gallery columns-3 is-cropped wp-block-gallery-5 is-layout-flex\"><li class=\"blocks-gallery-item\"><figure><img decoding=\"async\" loading=\"lazy\" width=\"966\" height=\"754\" src=\"http:\/\/www.ifbaiano.edu.br\/unidades\/santaines\/files\/2019\/11\/1da96903-1d6e-4319-a8bc-9cae8095adb0.jpg\" alt=\"\" data-id=\"12859\" data-link=\"http:\/\/www.ifbaiano.edu.br\/unidades\/santaines\/?attachment_id=12859\" class=\"wp-image-12859\" \/><\/figure><\/li><li class=\"blocks-gallery-item\"><figure><img decoding=\"async\" loading=\"lazy\" width=\"812\" height=\"668\" src=\"http:\/\/www.ifbaiano.edu.br\/unidades\/santaines\/files\/2019\/11\/5babc0b0-69d1-4ab9-b87c-ad73a86370c9.jpg\" alt=\"\" data-id=\"12860\" data-link=\"http:\/\/www.ifbaiano.edu.br\/unidades\/santaines\/?attachment_id=12860\" class=\"wp-image-12860\" \/><\/figure><\/li><li class=\"blocks-gallery-item\"><figure><img decoding=\"async\" loading=\"lazy\" width=\"992\" height=\"740\" src=\"http:\/\/www.ifbaiano.edu.br\/unidades\/santaines\/files\/2019\/11\/580723d5-1c76-4f70-8d63-309c0c0cbfcf.jpg\" alt=\"\" data-id=\"12861\" data-link=\"http:\/\/www.ifbaiano.edu.br\/unidades\/santaines\/?attachment_id=12861\" class=\"wp-image-12861\" \/><\/figure><\/li><\/ul>\n\n\n\n<p><\/p>\n","protected":false},"excerpt":{"rendered":"<p>De 6 a 8 de novembro, estudantes do IF Baiano Campus Santa In\u00eas participaram dos Jogos Estudantis de Santa In\u00eas (JESTI 2019). A competi\u00e7\u00e3o \u00e9 promovida pela prefeitura municipal, atrav\u00e9s da Secretaria de Turismo, Esporte e Cultura e Secretaria Municipal de Educa\u00e7\u00e3o, em parceria com as demais secretarias do munic\u00edpio. As equipes do campus do [&hellip;]<\/p>\n","protected":false},"author":86,"featured_media":12873,"comment_status":"closed","ping_status":"closed","sticky":false,"template":"","format":"standard","meta":[],"categories":[4,10,1,57],"tags":[],"_links":{"self":[{"href":"https:\/\/www.ifbaiano.edu.br\/unidades\/santaines\/wp-json\/wp\/v2\/posts\/12850"}],"collection":[{"href":"https:\/\/www.ifbaiano.edu.br\/unidades\/santaines\/wp-json\/wp\/v2\/posts"}],"about":[{"href":"https:\/\/www.ifbaiano.edu.br\/unidades\/santaines\/wp-json\/wp\/v2\/types\/post"}],"author":[{"embeddable":true,"href":"https:\/\/www.ifbaiano.edu.br\/unidades\/santaines\/wp-json\/wp\/v2\/users\/86"}],"replies":[{"embeddable":true,"href":"https:\/\/www.ifbaiano.edu.br\/unidades\/santaines\/wp-json\/wp\/v2\/comments?post=12850"}],"version-history":[{"count":2,"href":"https:\/\/www.ifbaiano.edu.br\/unidades\/santaines\/wp-json\/wp\/v2\/posts\/12850\/revisions"}],"predecessor-version":[{"id":12876,"href":"https:\/\/www.ifbaiano.edu.br\/unidades\/santaines\/wp-json\/wp\/v2\/posts\/12850\/revisions\/12876"}],"wp:featuredmedia":[{"embeddable":true,"href":"https:\/\/www.ifbaiano.edu.br\/unidades\/santaines\/wp-json\/wp\/v2\/media\/12873"}],"wp:attachment":[{"href":"https:\/\/www.ifbaiano.edu.br\/unidades\/santaines\/wp-json\/wp\/v2\/media?parent=12850"}],"wp:term":[{"taxonomy":"category","embeddable":true,"href":"https:\/\/www.ifbaiano.edu.br\/unidades\/santaines\/wp-json\/wp\/v2\/categories?post=12850"},{"taxonomy":"post_tag","embeddable":true,"href":"https:\/\/www.ifbaiano.edu.br\/unidades\/santaines\/wp-json\/wp\/v2\/tags?post=12850"}],"curies":[{"name":"wp","href":"https:\/\/api.w.org\/{rel}","templated":true}]}}