{"id":12877,"date":"2019-11-13T17:28:21","date_gmt":"2019-11-13T20:28:21","guid":{"rendered":"http:\/\/www.ifbaiano.edu.br\/unidades\/santaines\/?p=12877"},"modified":"2019-11-13T17:28:21","modified_gmt":"2019-11-13T20:28:21","slug":"campus-santa-ines-divulga-edital-de-processo-seletivo-para-professor-substituto-nas-areas-de-filosofia-e-quimica","status":"publish","type":"post","link":"https:\/\/www.ifbaiano.edu.br\/unidades\/santaines\/campus-santa-ines-divulga-edital-de-processo-seletivo-para-professor-substituto-nas-areas-de-filosofia-e-quimica\/","title":{"rendered":"Campus Santa In\u00eas divulga Edital de Processo Seletivo para professor Substituto nas \u00e1reas de Filosofia e Qu\u00edmica"},"content":{"rendered":"\n<p>O Instituto Federal de Educa\u00e7\u00e3o, Ci\u00eancia e Tecnologia Baiano publica <strong><a href=\"http:\/\/concurso.ifbaiano.edu.br\/portal\/substituto-santa-ines-novembro-2019\/wp-content\/uploads\/sites\/310\/2019\/11\/Edital-n%C2%BA-136-Filosofia-e-Qu%C3%ADmica.pdf\">Edital de Processo Seletivo Simplificado<\/a><\/strong> com o objeto de selecionar candidatos para o preenchimento de cargo de Professor Substituto da categoria funcional de Professor de Ensino B\u00e1sico, T\u00e9cnico e Tecnol\u00f3gico, Classe DI, N\u00edvel 01, nas \u00e1reas de <strong>Filosofia e Qu\u00edmica<\/strong>,  do Quadro Tempor\u00e1rio de Pessoal, com exerc\u00edcio no <em>campus<\/em> Santa In\u00eas.<\/p>\n\n\n\n<p>O Processo Seletivo ser\u00e1 realizado em etapas distintas, constitu\u00eddas de Prova de Desempenho Did\u00e1tico (eliminat\u00f3ria e classificat\u00f3ria) e Prova de T\u00edtulos (classificat\u00f3ria).  As provas ser\u00e3o realizadas no Instituto Federal Baiano\u2013campus Santa In\u00eas, situado \u00e0 BR 420, km 2,5 da rodovia Santa In\u00eas\/Uba\u00edra, Santa In\u00eas-BA. <\/p>\n\n\n\n<p>N\u00e3o ser\u00e1 cobrada taxa de inscri\u00e7\u00e3o para a participa\u00e7\u00e3o no processo seletivo e as inscri\u00e7\u00f5es ser\u00e3o efetuadas, exclusivamente pela internet, no per\u00edodo de <strong>15\/11\/2019 at\u00e9 as 23h59min do dia 04\/12\/2019<\/strong>.<\/p>\n\n\n\n<p>O candidato dever\u00e1 observar, rigorosamente, o Edital do Processo Seletivo e os documentos complementares.  Todas as  informa\u00e7\u00f5es referentes ao   Processo Seletivo ser\u00e1 publicada no Portal do IF Baiano:<strong> <a href=\"http:\/\/concurso.ifbaiano.edu.br\/portal\/substituto-santa-ines-novembro-2019\/\">CLIQUE AQUI.<\/a><\/strong><\/p>\n","protected":false},"excerpt":{"rendered":"<p>O Instituto Federal de Educa\u00e7\u00e3o, Ci\u00eancia e Tecnologia Baiano publica Edital de Processo Seletivo Simplificado com o objeto de selecionar candidatos para o preenchimento de cargo de Professor Substituto da categoria funcional de Professor de Ensino B\u00e1sico, T\u00e9cnico e Tecnol\u00f3gico, Classe DI, N\u00edvel 01, nas \u00e1reas de Filosofia e Qu\u00edmica, do Quadro Tempor\u00e1rio de Pessoal, [&hellip;]<\/p>\n","protected":false},"author":86,"featured_media":12879,"comment_status":"closed","ping_status":"closed","sticky":false,"template":"","format":"standard","meta":[],"categories":[4,10,8,57],"tags":[],"_links":{"self":[{"href":"https:\/\/www.ifbaiano.edu.br\/unidades\/santaines\/wp-json\/wp\/v2\/posts\/12877"}],"collection":[{"href":"https:\/\/www.ifbaiano.edu.br\/unidades\/santaines\/wp-json\/wp\/v2\/posts"}],"about":[{"href":"https:\/\/www.ifbaiano.edu.br\/unidades\/santaines\/wp-json\/wp\/v2\/types\/post"}],"author":[{"embeddable":true,"href":"https:\/\/www.ifbaiano.edu.br\/unidades\/santaines\/wp-json\/wp\/v2\/users\/86"}],"replies":[{"embeddable":true,"href":"https:\/\/www.ifbaiano.edu.br\/unidades\/santaines\/wp-json\/wp\/v2\/comments?post=12877"}],"version-history":[{"count":2,"href":"https:\/\/www.ifbaiano.edu.br\/unidades\/santaines\/wp-json\/wp\/v2\/posts\/12877\/revisions"}],"predecessor-version":[{"id":12880,"href":"https:\/\/www.ifbaiano.edu.br\/unidades\/santaines\/wp-json\/wp\/v2\/posts\/12877\/revisions\/12880"}],"wp:featuredmedia":[{"embeddable":true,"href":"https:\/\/www.ifbaiano.edu.br\/unidades\/santaines\/wp-json\/wp\/v2\/media\/12879"}],"wp:attachment":[{"href":"https:\/\/www.ifbaiano.edu.br\/unidades\/santaines\/wp-json\/wp\/v2\/media?parent=12877"}],"wp:term":[{"taxonomy":"category","embeddable":true,"href":"https:\/\/www.ifbaiano.edu.br\/unidades\/santaines\/wp-json\/wp\/v2\/categories?post=12877"},{"taxonomy":"post_tag","embeddable":true,"href":"https:\/\/www.ifbaiano.edu.br\/unidades\/santaines\/wp-json\/wp\/v2\/tags?post=12877"}],"curies":[{"name":"wp","href":"https:\/\/api.w.org\/{rel}","templated":true}]}}