{"id":12882,"date":"2019-11-14T21:44:53","date_gmt":"2019-11-15T00:44:53","guid":{"rendered":"http:\/\/www.ifbaiano.edu.br\/unidades\/santaines\/?p=12882"},"modified":"2019-11-14T21:52:49","modified_gmt":"2019-11-15T00:52:49","slug":"campus-santa-ines-convoca-estudantes-dos-cursos-superiores-para-renovacao-de-matriculas","status":"publish","type":"post","link":"https:\/\/www.ifbaiano.edu.br\/unidades\/santaines\/campus-santa-ines-convoca-estudantes-dos-cursos-superiores-para-renovacao-de-matriculas\/","title":{"rendered":"Campus Santa In\u00eas Convoca estudantes dos cursos superiores para renova\u00e7\u00e3o de  matr\u00edculas"},"content":{"rendered":"\n<p>Os estudantes dos Cursos de Licenciatura em Ci\u00eancias Biol\u00f3gicas, Licenciatura em Geografia e Bacharelado em Zootecnia est\u00e3o convocados para a realiza\u00e7\u00e3o de Renova\u00e7\u00e3o de Matr\u00edcula no Instituto Federal de Educa\u00e7\u00e3o, Ci\u00eancia e Tecnologia Baiano Campus Santa In\u00eas referente ao Semestre Letivo 2019.2.<\/p>\n\n\n\n<p>A Renova\u00e7\u00e3o de Matr\u00edcula dos Estudantes ser\u00e1 realizada obedecendo todas as normas e procedimentos constantes no Cap\u00edtulo V da Organiza\u00e7\u00e3o Did\u00e1tica dos Cursos de Educa\u00e7\u00e3o Superior do Instituto Federal de Educa\u00e7\u00e3o, Ci\u00eancia e Tecnologia Baiano, aprovada pela&nbsp;<a href=\"http:\/\/www.ifbaiano.edu.br\/unidades\/lapa\/files\/2015\/11\/cursos-superiores-organizacao.pdf\">Resolu\u00e7\u00e3o n\u00ba 18 de 31 de outubro de 2012<\/a>.<\/p>\n\n\n\n<p>O Estudante que n\u00e3o realizar a Renova\u00e7\u00e3o de Matr\u00edcula no per\u00edodo definido no Edital, dever\u00e1 solicitar matr\u00edcula fora do prazo na Secretaria de Registros Acad\u00eamicos (SRA), do <em>Campus <\/em>Santa In\u00eas, na data especificada no Edital, com justificativa a ser analisada para deferimento ou n\u00e3o da solicita\u00e7\u00e3o. Tendo deferida a solicita\u00e7\u00e3o, este concorrer\u00e1 \u00e0s vagas dispon\u00edveis <\/p>\n\n\n\n<p>O per\u00edodo de Renova\u00e7\u00e3o de Matr\u00edcula referente ao Semestre Letivo 2019.2 \u00e9 de 29\/11 a 04\/12\/2019.<\/p>\n\n\n\n<p>Pode solicitar matr\u00edcula especial, no per\u00edodo de&nbsp; 02 a 05\/12\/2019, o portador de diploma de curso de gradua\u00e7\u00e3o e p\u00f3s-gradua\u00e7\u00e3o <em>lato e stricto sensu, <\/em>desde que apresente o diploma obtido em curso de \u00e1rea afim, ou estudante de gradua\u00e7\u00e3o, desde que comprove matr\u00edcula em curso superior em outra Institui\u00e7\u00e3o de Ensino.<\/p>\n\n\n\n<p>A Renova\u00e7\u00e3o de Matr\u00edcula para o Semestre 2019.2 ser\u00e1 on-line e dever\u00e1 ser realizada via internet, no sistema SIGAA, Portal do Discente e somente ser\u00e1 realizada durante o per\u00edodo permitido pela Institui\u00e7\u00e3o<\/p>\n\n\n\n<p>O preenchimento de vagas em cada disciplina considerar\u00e1 o limite m\u00e1ximo de 40 (quarenta) vagas.<\/p>\n\n\n\n<p>O estudante que necessite interromper os estudos deve solicitar o trancamento volunt\u00e1rio de matr\u00edcula no per\u00edodo de 06 a 08\/01\/2020, o qual ter\u00e1 validade por apenas 01 (um) semestre. <\/p>\n\n\n\n<p>O Estudante que opte pela renova\u00e7\u00e3o de trancamento dever\u00e1 solicit\u00e1-la no per\u00edodo de 02 a 05\/12\/2019. <\/p>\n\n\n\n<p><a href=\"http:\/\/www.ifbaiano.edu.br\/unidades\/santaines\/files\/2019\/11\/Edital-16_2019-Rematr\u00edcula-Superior.pdf\">.<\/a>Todas as informa\u00e7\u00f5es est\u00e3o dispon\u00edveis no Edital. <strong><a href=\"http:\/\/www.ifbaiano.edu.br\/unidades\/santaines\/files\/2019\/11\/Edital-16_2019-Rematr\u00edcula-Superior.pdf\">Clique aqui para acessar.<\/a><\/strong><\/p>\n","protected":false},"excerpt":{"rendered":"<p>Os estudantes dos Cursos de Licenciatura em Ci\u00eancias Biol\u00f3gicas, Licenciatura em Geografia e Bacharelado em Zootecnia est\u00e3o convocados para a realiza\u00e7\u00e3o de Renova\u00e7\u00e3o de Matr\u00edcula no Instituto Federal de Educa\u00e7\u00e3o, Ci\u00eancia e Tecnologia Baiano Campus Santa In\u00eas referente ao Semestre Letivo 2019.2. A Renova\u00e7\u00e3o de Matr\u00edcula dos Estudantes ser\u00e1 realizada obedecendo todas as normas e [&hellip;]<\/p>\n","protected":false},"author":86,"featured_media":0,"comment_status":"closed","ping_status":"closed","sticky":false,"template":"","format":"standard","meta":[],"categories":[4,12,10,8,57],"tags":[],"_links":{"self":[{"href":"https:\/\/www.ifbaiano.edu.br\/unidades\/santaines\/wp-json\/wp\/v2\/posts\/12882"}],"collection":[{"href":"https:\/\/www.ifbaiano.edu.br\/unidades\/santaines\/wp-json\/wp\/v2\/posts"}],"about":[{"href":"https:\/\/www.ifbaiano.edu.br\/unidades\/santaines\/wp-json\/wp\/v2\/types\/post"}],"author":[{"embeddable":true,"href":"https:\/\/www.ifbaiano.edu.br\/unidades\/santaines\/wp-json\/wp\/v2\/users\/86"}],"replies":[{"embeddable":true,"href":"https:\/\/www.ifbaiano.edu.br\/unidades\/santaines\/wp-json\/wp\/v2\/comments?post=12882"}],"version-history":[{"count":3,"href":"https:\/\/www.ifbaiano.edu.br\/unidades\/santaines\/wp-json\/wp\/v2\/posts\/12882\/revisions"}],"predecessor-version":[{"id":12887,"href":"https:\/\/www.ifbaiano.edu.br\/unidades\/santaines\/wp-json\/wp\/v2\/posts\/12882\/revisions\/12887"}],"wp:attachment":[{"href":"https:\/\/www.ifbaiano.edu.br\/unidades\/santaines\/wp-json\/wp\/v2\/media?parent=12882"}],"wp:term":[{"taxonomy":"category","embeddable":true,"href":"https:\/\/www.ifbaiano.edu.br\/unidades\/santaines\/wp-json\/wp\/v2\/categories?post=12882"},{"taxonomy":"post_tag","embeddable":true,"href":"https:\/\/www.ifbaiano.edu.br\/unidades\/santaines\/wp-json\/wp\/v2\/tags?post=12882"}],"curies":[{"name":"wp","href":"https:\/\/api.w.org\/{rel}","templated":true}]}}