{"id":12909,"date":"2019-11-29T13:51:17","date_gmt":"2019-11-29T16:51:17","guid":{"rendered":"http:\/\/www.ifbaiano.edu.br\/unidades\/santaines\/?p=12909"},"modified":"2019-11-29T16:41:22","modified_gmt":"2019-11-29T19:41:22","slug":"feira-levanta-tematica-da-saude-da-populacao-negra-para-estudantes-e-comunidade-de-santa-ines","status":"publish","type":"post","link":"https:\/\/www.ifbaiano.edu.br\/unidades\/santaines\/feira-levanta-tematica-da-saude-da-populacao-negra-para-estudantes-e-comunidade-de-santa-ines\/","title":{"rendered":"Feira levanta tem\u00e1tica da sa\u00fade da popula\u00e7\u00e3o negra para estudantes e comunidade de Santa In\u00eas"},"content":{"rendered":"\n<figure class=\"wp-block-image\"><img decoding=\"async\" loading=\"lazy\" width=\"1999\" height=\"1125\" src=\"http:\/\/www.ifbaiano.edu.br\/unidades\/santaines\/files\/2019\/11\/Palco-07b-1.jpg\" alt=\"\" class=\"wp-image-12950\" \/><\/figure>\n\n\n\n<p>Trazendo o tema \u201cPopula\u00e7\u00e3o Negra e Cuidado Integral\u201d, a edi\u00e7\u00e3o 2019 da Feira de Sa\u00fade e Cidadania do IF Baiano Campus Santa In\u00eas foi realizada no dia 20 de novembro, contando com a participa\u00e7\u00e3o de estudantes do <em>Campus<\/em>, de todos os cursos (n\u00edvel m\u00e9dio e superior).  <\/p>\n\n\n\n<p>A Feira de Sa\u00fade e Cidadania tem como prop\u00f3sito a realiza\u00e7\u00e3o de atividades que levem a uma reflex\u00e3o sobre a melhora dos \u00edndices de qualidade de vida da comunidade do c<em>ampus. <\/em>\u201cEste ano, [a Feira] trouxe como plano de fundo as condi\u00e7\u00f5es de vida da popula\u00e7\u00e3o negra, com o intuito de provocar o debate sobre o que est\u00e1 sendo realizado para modificar a realidade das condi\u00e7\u00f5es de sa\u00fade de nossa popula\u00e7\u00e3o\u201d, conta Anderson Jambeiro, coordenador do Pr\u00f3-sa\u00fade do <em>Campus<\/em> Santa In\u00eas.<\/p>\n\n\n\n<p>A programa\u00e7\u00e3o do evento incluiu estandes tem\u00e1ticos, mesa de debate sobre Anemia Falciforme, oficinas e atividades culturais, com a participa\u00e7\u00e3o de outros nichos da comunidade externa, como a fanfarra municipal de Santa In\u00eas (Famusi), campe\u00e3 de diversas competi\u00e7\u00f5es em cidades da regi\u00e3o.  <\/p>\n\n\n\n<p>Al\u00e9m disso, houve presta\u00e7\u00e3o de servi\u00e7os de sa\u00fade, promovidos em parceria com a Prefeitura Municipal de Santa In\u00eas, atrav\u00e9s da Secretaria Municipal de Sa\u00fade: testes r\u00e1pidos (Hepatite A, Hepatite B, S\u00edfilis e HIV), aferi\u00e7\u00e3o de tens\u00e3o arterial e glicemia, vacina\u00e7\u00e3o e exames preventivos de c\u00e2ncer de colo do \u00fatero.  <\/p>\n\n\n\n<p>\u201cTrata-se de uma a\u00e7\u00e3o de extrema import\u00e2ncia para o Campus Santa In\u00eas. Isso p\u00f4de ser claramente percebido pelos pr\u00f3prios semblantes dos atores envolvidos. O elevado grau de empenho e comprometimento dos expositores, monitores, participantes e demais categorias envolvidas foi algo excepcional!\u201d, completou Jambeiro.  <\/p>\n\n\n\n<ul class=\"wp-block-gallery columns-3 is-cropped wp-block-gallery-1 is-layout-flex\"><li class=\"blocks-gallery-item\"><figure><img decoding=\"async\" loading=\"lazy\" width=\"3456\" height=\"2304\" src=\"http:\/\/www.ifbaiano.edu.br\/unidades\/santaines\/files\/2019\/11\/Amostras-2.jpg\" alt=\"\" data-id=\"12911\" data-link=\"http:\/\/www.ifbaiano.edu.br\/unidades\/santaines\/?attachment_id=12911\" class=\"wp-image-12911\" \/><\/figure><\/li><li class=\"blocks-gallery-item\"><figure><img decoding=\"async\" loading=\"lazy\" width=\"3456\" height=\"2304\" src=\"http:\/\/www.ifbaiano.edu.br\/unidades\/santaines\/files\/2019\/11\/Amostras-5a.jpg\" alt=\"\" data-id=\"12912\" data-link=\"http:\/\/www.ifbaiano.edu.br\/unidades\/santaines\/?attachment_id=12912\" class=\"wp-image-12912\" \/><\/figure><\/li><li class=\"blocks-gallery-item\"><figure><img decoding=\"async\" loading=\"lazy\" width=\"3001\" height=\"2001\" src=\"http:\/\/www.ifbaiano.edu.br\/unidades\/santaines\/files\/2019\/11\/Amostras-13a.jpg\" alt=\"\" data-id=\"12914\" data-link=\"http:\/\/www.ifbaiano.edu.br\/unidades\/santaines\/?attachment_id=12914\" class=\"wp-image-12914\" \/><\/figure><\/li><li class=\"blocks-gallery-item\"><figure><img decoding=\"async\" loading=\"lazy\" width=\"2355\" height=\"1570\" src=\"http:\/\/www.ifbaiano.edu.br\/unidades\/santaines\/files\/2019\/11\/Amostras-15a.jpg\" alt=\"\" data-id=\"12917\" data-link=\"http:\/\/www.ifbaiano.edu.br\/unidades\/santaines\/?attachment_id=12917\" class=\"wp-image-12917\" \/><\/figure><\/li><li class=\"blocks-gallery-item\"><figure><img decoding=\"async\" loading=\"lazy\" width=\"3456\" height=\"2304\" src=\"http:\/\/www.ifbaiano.edu.br\/unidades\/santaines\/files\/2019\/11\/Argila-4.jpg\" alt=\"\" data-id=\"12918\" data-link=\"http:\/\/www.ifbaiano.edu.br\/unidades\/santaines\/?attachment_id=12918\" class=\"wp-image-12918\" \/><\/figure><\/li><li class=\"blocks-gallery-item\"><figure><img decoding=\"async\" loading=\"lazy\" width=\"3456\" height=\"2304\" src=\"http:\/\/www.ifbaiano.edu.br\/unidades\/santaines\/files\/2019\/11\/Capoeira-10.jpg\" alt=\"\" data-id=\"12923\" data-link=\"http:\/\/www.ifbaiano.edu.br\/unidades\/santaines\/?attachment_id=12923\" class=\"wp-image-12923\" \/><\/figure><\/li><li class=\"blocks-gallery-item\"><figure><img decoding=\"async\" loading=\"lazy\" width=\"2882\" height=\"1921\" src=\"http:\/\/www.ifbaiano.edu.br\/unidades\/santaines\/files\/2019\/11\/Fanfarra-04b.jpg\" alt=\"\" data-id=\"12930\" data-link=\"http:\/\/www.ifbaiano.edu.br\/unidades\/santaines\/?attachment_id=12930\" class=\"wp-image-12930\" \/><\/figure><\/li><li class=\"blocks-gallery-item\"><figure><img decoding=\"async\" loading=\"lazy\" width=\"3456\" height=\"2304\" src=\"http:\/\/www.ifbaiano.edu.br\/unidades\/santaines\/files\/2019\/11\/Palco-02.jpg\" alt=\"\" data-id=\"12933\" data-link=\"http:\/\/www.ifbaiano.edu.br\/unidades\/santaines\/?attachment_id=12933\" class=\"wp-image-12933\" \/><\/figure><\/li><li class=\"blocks-gallery-item\"><figure><img decoding=\"async\" loading=\"lazy\" width=\"3456\" height=\"2304\" src=\"http:\/\/www.ifbaiano.edu.br\/unidades\/santaines\/files\/2019\/11\/Alegria-Idosa-01-1.jpg\" alt=\"\" data-id=\"12956\" data-link=\"http:\/\/www.ifbaiano.edu.br\/unidades\/santaines\/?attachment_id=12956\" class=\"wp-image-12956\" \/><\/figure><\/li><li class=\"blocks-gallery-item\"><figure><img decoding=\"async\" loading=\"lazy\" width=\"3456\" height=\"2304\" src=\"http:\/\/www.ifbaiano.edu.br\/unidades\/santaines\/files\/2019\/11\/Argila-01.jpg\" alt=\"\" data-id=\"12957\" data-link=\"http:\/\/www.ifbaiano.edu.br\/unidades\/santaines\/?attachment_id=12957\" class=\"wp-image-12957\" \/><\/figure><\/li><li class=\"blocks-gallery-item\"><figure><img decoding=\"async\" loading=\"lazy\" width=\"3456\" height=\"2304\" src=\"http:\/\/www.ifbaiano.edu.br\/unidades\/santaines\/files\/2019\/11\/cabelo-06-2.jpg\" alt=\"\" data-id=\"12958\" data-link=\"http:\/\/www.ifbaiano.edu.br\/unidades\/santaines\/?attachment_id=12958\" class=\"wp-image-12958\" \/><\/figure><\/li><li class=\"blocks-gallery-item\"><figure><img decoding=\"async\" loading=\"lazy\" width=\"3456\" height=\"2304\" src=\"http:\/\/www.ifbaiano.edu.br\/unidades\/santaines\/files\/2019\/11\/Anatomia-Comparada-1.jpg\" alt=\"\" data-id=\"12963\" data-link=\"http:\/\/www.ifbaiano.edu.br\/unidades\/santaines\/?attachment_id=12963\" class=\"wp-image-12963\" \/><\/figure><\/li><\/ul>\n\n\n\n<ul class=\"wp-block-gallery columns-3 is-cropped wp-block-gallery-3 is-layout-flex\"><li class=\"blocks-gallery-item\"><figure><img decoding=\"async\" loading=\"lazy\" width=\"2304\" height=\"3456\" src=\"http:\/\/www.ifbaiano.edu.br\/unidades\/santaines\/files\/2019\/11\/Amostras-8.jpg\" alt=\"\" data-id=\"12939\" data-link=\"http:\/\/www.ifbaiano.edu.br\/unidades\/santaines\/?attachment_id=12939\" class=\"wp-image-12939\" \/><\/figure><\/li><li class=\"blocks-gallery-item\"><figure><img decoding=\"async\" loading=\"lazy\" width=\"2304\" height=\"3456\" src=\"http:\/\/www.ifbaiano.edu.br\/unidades\/santaines\/files\/2019\/11\/Amostras-10c.jpg\" alt=\"\" data-id=\"12940\" data-link=\"http:\/\/www.ifbaiano.edu.br\/unidades\/santaines\/?attachment_id=12940\" class=\"wp-image-12940\" \/><\/figure><\/li><li class=\"blocks-gallery-item\"><figure><img decoding=\"async\" loading=\"lazy\" width=\"2304\" height=\"3456\" src=\"http:\/\/www.ifbaiano.edu.br\/unidades\/santaines\/files\/2019\/11\/Amostras-14.jpg\" alt=\"\" data-id=\"12947\" data-link=\"http:\/\/www.ifbaiano.edu.br\/unidades\/santaines\/?attachment_id=12947\" class=\"wp-image-12947\" \/><\/figure><\/li><\/ul>\n\n\n\n<p><\/p>\n","protected":false},"excerpt":{"rendered":"<p>A edi\u00e7\u00e3o 2019 da Feira de Sa\u00fade e Cidadania foi realizada no dia 20 de novembro<\/p>\n","protected":false},"author":86,"featured_media":12910,"comment_status":"closed","ping_status":"closed","sticky":false,"template":"","format":"standard","meta":[],"categories":[4,23,10,57],"tags":[],"_links":{"self":[{"href":"https:\/\/www.ifbaiano.edu.br\/unidades\/santaines\/wp-json\/wp\/v2\/posts\/12909"}],"collection":[{"href":"https:\/\/www.ifbaiano.edu.br\/unidades\/santaines\/wp-json\/wp\/v2\/posts"}],"about":[{"href":"https:\/\/www.ifbaiano.edu.br\/unidades\/santaines\/wp-json\/wp\/v2\/types\/post"}],"author":[{"embeddable":true,"href":"https:\/\/www.ifbaiano.edu.br\/unidades\/santaines\/wp-json\/wp\/v2\/users\/86"}],"replies":[{"embeddable":true,"href":"https:\/\/www.ifbaiano.edu.br\/unidades\/santaines\/wp-json\/wp\/v2\/comments?post=12909"}],"version-history":[{"count":8,"href":"https:\/\/www.ifbaiano.edu.br\/unidades\/santaines\/wp-json\/wp\/v2\/posts\/12909\/revisions"}],"predecessor-version":[{"id":12969,"href":"https:\/\/www.ifbaiano.edu.br\/unidades\/santaines\/wp-json\/wp\/v2\/posts\/12909\/revisions\/12969"}],"wp:featuredmedia":[{"embeddable":true,"href":"https:\/\/www.ifbaiano.edu.br\/unidades\/santaines\/wp-json\/wp\/v2\/media\/12910"}],"wp:attachment":[{"href":"https:\/\/www.ifbaiano.edu.br\/unidades\/santaines\/wp-json\/wp\/v2\/media?parent=12909"}],"wp:term":[{"taxonomy":"category","embeddable":true,"href":"https:\/\/www.ifbaiano.edu.br\/unidades\/santaines\/wp-json\/wp\/v2\/categories?post=12909"},{"taxonomy":"post_tag","embeddable":true,"href":"https:\/\/www.ifbaiano.edu.br\/unidades\/santaines\/wp-json\/wp\/v2\/tags?post=12909"}],"curies":[{"name":"wp","href":"https:\/\/api.w.org\/{rel}","templated":true}]}}