{"id":12970,"date":"2019-12-02T14:09:04","date_gmt":"2019-12-02T17:09:04","guid":{"rendered":"http:\/\/www.ifbaiano.edu.br\/unidades\/santaines\/?p=12970"},"modified":"2019-12-02T14:09:04","modified_gmt":"2019-12-02T17:09:04","slug":"campus-santa-ines-da-boas-vindas-aos-alunos-do-primeiro-curso-de-especializacao","status":"publish","type":"post","link":"https:\/\/www.ifbaiano.edu.br\/unidades\/santaines\/campus-santa-ines-da-boas-vindas-aos-alunos-do-primeiro-curso-de-especializacao\/","title":{"rendered":"Campus Santa In\u00eas d\u00e1 boas-vindas aos alunos do primeiro curso de especializa\u00e7\u00e3o"},"content":{"rendered":"\n<figure class=\"wp-block-image\"><img decoding=\"async\" loading=\"lazy\" width=\"1920\" height=\"1080\" src=\"http:\/\/www.ifbaiano.edu.br\/unidades\/santaines\/files\/2019\/12\/Aula-inaugural-006a.jpg\" alt=\"\" class=\"wp-image-12971\" \/><\/figure>\n\n\n\n<p>No dia 29 de novembro aconteceu, no Pavilh\u00e3o dos Cursos Superiores, a aula inaugural  do curso de Especializa\u00e7\u00e3o em Educa\u00e7\u00e3o de Jovens e Adultos articulada a Educa\u00e7\u00e3o Profissional do IF Baiano Campus Santa In\u00eas.   <\/p>\n\n\n\n<p>O evento foi uma oportunidade para a dire\u00e7\u00e3o-geral do campus e a Coordena\u00e7\u00e3o do Curso darem as boas-vindas aos rec\u00e9m-chegados, bem como escut\u00e1-los sobre as expectativas com o in\u00edcio das atividades do curso de especializa\u00e7\u00e3o no Campus. <\/p>\n\n\n\n<p>A professora Arlene Malta e a T\u00e9cnica em Assuntos Educacionais  Ros\u00e2ngela Rodrigues, proponentes do curso, destacaram durante seus discursos de boas vindas aos alunos que o Curso foi pensado e ofertado para atender a demanda da comunidade, uma vez que a experi\u00eancia vivenciada em est\u00e1gios, Pibid e extens\u00e3o tem nos alertado para a necessidade de investimentos na forma\u00e7\u00e3o de educadores para atua\u00e7\u00e3o na EJA, visando atender de forma eficaz aos sujeitos populares que retornam a escola em busca do saber sistematizado. <\/p>\n\n\n\n<ul class=\"wp-block-gallery columns-3 is-cropped wp-block-gallery-1 is-layout-flex\"><li class=\"blocks-gallery-item\"><figure><img decoding=\"async\" loading=\"lazy\" width=\"2080\" height=\"1170\" src=\"http:\/\/www.ifbaiano.edu.br\/unidades\/santaines\/files\/2019\/12\/Aula-inaugural-001.jpg\" alt=\"\" data-id=\"12972\" data-link=\"http:\/\/www.ifbaiano.edu.br\/unidades\/santaines\/?attachment_id=12972\" class=\"wp-image-12972\" \/><\/figure><\/li><li class=\"blocks-gallery-item\"><figure><img decoding=\"async\" loading=\"lazy\" width=\"2080\" height=\"1170\" src=\"http:\/\/www.ifbaiano.edu.br\/unidades\/santaines\/files\/2019\/12\/Aula-inaugural-002.jpg\" alt=\"\" data-id=\"12973\" data-link=\"http:\/\/www.ifbaiano.edu.br\/unidades\/santaines\/?attachment_id=12973\" class=\"wp-image-12973\" \/><\/figure><\/li><li class=\"blocks-gallery-item\"><figure><img decoding=\"async\" loading=\"lazy\" width=\"1728\" height=\"1152\" src=\"http:\/\/www.ifbaiano.edu.br\/unidades\/santaines\/files\/2019\/12\/Aula-inaugural-003.jpg\" alt=\"\" data-id=\"12975\" data-link=\"http:\/\/www.ifbaiano.edu.br\/unidades\/santaines\/?attachment_id=12975\" class=\"wp-image-12975\" \/><\/figure><\/li><\/ul>\n\n\n\n<p>O evento contou com a participa\u00e7\u00e3o dos 35 cursistas,  Coordena\u00e7\u00e3o do Curso, do Diretor Geral, Professor Abdon Nogueira, a Diretora de Ensino Substituta, Viviane Leporace, o Coordenador de Assist\u00eancia Estudantil, \u00c2ngelo Francisco e professores do Campus. <\/p>\n\n\n\n<p>A Professora Elma Amparo, servidora do IF Baiano, tamb\u00e9m marcou presen\u00e7a no evento como palestrante, e abordou o tema &#8220;Estudantes trabalhadores, sujeitos de direitos&#8221;.<\/p>\n","protected":false},"excerpt":{"rendered":"<p>No dia 29 de novembro aconteceu, no Pavilh\u00e3o dos Cursos Superiores, a aula inaugural do curso de Especializa\u00e7\u00e3o em Educa\u00e7\u00e3o de Jovens e Adultos articulada a Educa\u00e7\u00e3o Profissional do IF Baiano Campus Santa In\u00eas. O evento foi uma oportunidade para a dire\u00e7\u00e3o-geral do campus e a Coordena\u00e7\u00e3o do Curso darem as boas-vindas aos rec\u00e9m-chegados, bem [&hellip;]<\/p>\n","protected":false},"author":86,"featured_media":12975,"comment_status":"closed","ping_status":"closed","sticky":false,"template":"","format":"standard","meta":[],"categories":[4,10,57],"tags":[],"_links":{"self":[{"href":"https:\/\/www.ifbaiano.edu.br\/unidades\/santaines\/wp-json\/wp\/v2\/posts\/12970"}],"collection":[{"href":"https:\/\/www.ifbaiano.edu.br\/unidades\/santaines\/wp-json\/wp\/v2\/posts"}],"about":[{"href":"https:\/\/www.ifbaiano.edu.br\/unidades\/santaines\/wp-json\/wp\/v2\/types\/post"}],"author":[{"embeddable":true,"href":"https:\/\/www.ifbaiano.edu.br\/unidades\/santaines\/wp-json\/wp\/v2\/users\/86"}],"replies":[{"embeddable":true,"href":"https:\/\/www.ifbaiano.edu.br\/unidades\/santaines\/wp-json\/wp\/v2\/comments?post=12970"}],"version-history":[{"count":1,"href":"https:\/\/www.ifbaiano.edu.br\/unidades\/santaines\/wp-json\/wp\/v2\/posts\/12970\/revisions"}],"predecessor-version":[{"id":12976,"href":"https:\/\/www.ifbaiano.edu.br\/unidades\/santaines\/wp-json\/wp\/v2\/posts\/12970\/revisions\/12976"}],"wp:featuredmedia":[{"embeddable":true,"href":"https:\/\/www.ifbaiano.edu.br\/unidades\/santaines\/wp-json\/wp\/v2\/media\/12975"}],"wp:attachment":[{"href":"https:\/\/www.ifbaiano.edu.br\/unidades\/santaines\/wp-json\/wp\/v2\/media?parent=12970"}],"wp:term":[{"taxonomy":"category","embeddable":true,"href":"https:\/\/www.ifbaiano.edu.br\/unidades\/santaines\/wp-json\/wp\/v2\/categories?post=12970"},{"taxonomy":"post_tag","embeddable":true,"href":"https:\/\/www.ifbaiano.edu.br\/unidades\/santaines\/wp-json\/wp\/v2\/tags?post=12970"}],"curies":[{"name":"wp","href":"https:\/\/api.w.org\/{rel}","templated":true}]}}