{"id":12978,"date":"2019-12-02T14:26:30","date_gmt":"2019-12-02T17:26:30","guid":{"rendered":"http:\/\/www.ifbaiano.edu.br\/unidades\/santaines\/?p=12978"},"modified":"2019-12-02T14:26:30","modified_gmt":"2019-12-02T17:26:30","slug":"diretoria-academica-informa-prazo-para-solicitacao-de-colacao-de-grau","status":"publish","type":"post","link":"https:\/\/www.ifbaiano.edu.br\/unidades\/santaines\/diretoria-academica-informa-prazo-para-solicitacao-de-colacao-de-grau\/","title":{"rendered":"Diretoria Acad\u00eamica informa prazo para solicita\u00e7\u00e3o de cola\u00e7\u00e3o de grau"},"content":{"rendered":"\n<p> <\/p>\n\n\n\n<p>A diretoria Acad\u00eamica do Campus Santa In\u00eas informa que houve altera\u00e7\u00e3o no prazo para  solicita\u00e7\u00e3o de cola\u00e7\u00e3o de grau\/ Diploma, publicado no calend\u00e1rio acad\u00eamico de 2019.<\/p>\n\n\n\n<p><strong>O novo per\u00edodo para solicita\u00e7\u00e3o de cola\u00e7\u00e3o de grau\/ Diploma \u00e9 de 02 a 05 de dezembro de 2019. <\/strong><\/p>\n\n\n\n<figure class=\"wp-block-image is-resized\"><img decoding=\"async\" loading=\"lazy\" src=\"http:\/\/www.ifbaiano.edu.br\/unidades\/santaines\/files\/2019\/05\/imagem-destacada-nota-oficial-santa-ines.jpg\" alt=\"\" class=\"wp-image-12024\" width=\"571\" height=\"384\" \/><\/figure>\n","protected":false},"excerpt":{"rendered":"<p>A diretoria Acad\u00eamica do Campus Santa In\u00eas informa que houve altera\u00e7\u00e3o no prazo para solicita\u00e7\u00e3o de cola\u00e7\u00e3o de grau\/ Diploma, publicado no calend\u00e1rio acad\u00eamico de 2019. O novo per\u00edodo para solicita\u00e7\u00e3o de cola\u00e7\u00e3o de grau\/ Diploma \u00e9 de 02 a 05 de dezembro de 2019.<\/p>\n","protected":false},"author":86,"featured_media":0,"comment_status":"closed","ping_status":"closed","sticky":false,"template":"","format":"standard","meta":[],"categories":[4,10,57],"tags":[],"_links":{"self":[{"href":"https:\/\/www.ifbaiano.edu.br\/unidades\/santaines\/wp-json\/wp\/v2\/posts\/12978"}],"collection":[{"href":"https:\/\/www.ifbaiano.edu.br\/unidades\/santaines\/wp-json\/wp\/v2\/posts"}],"about":[{"href":"https:\/\/www.ifbaiano.edu.br\/unidades\/santaines\/wp-json\/wp\/v2\/types\/post"}],"author":[{"embeddable":true,"href":"https:\/\/www.ifbaiano.edu.br\/unidades\/santaines\/wp-json\/wp\/v2\/users\/86"}],"replies":[{"embeddable":true,"href":"https:\/\/www.ifbaiano.edu.br\/unidades\/santaines\/wp-json\/wp\/v2\/comments?post=12978"}],"version-history":[{"count":4,"href":"https:\/\/www.ifbaiano.edu.br\/unidades\/santaines\/wp-json\/wp\/v2\/posts\/12978\/revisions"}],"predecessor-version":[{"id":12982,"href":"https:\/\/www.ifbaiano.edu.br\/unidades\/santaines\/wp-json\/wp\/v2\/posts\/12978\/revisions\/12982"}],"wp:attachment":[{"href":"https:\/\/www.ifbaiano.edu.br\/unidades\/santaines\/wp-json\/wp\/v2\/media?parent=12978"}],"wp:term":[{"taxonomy":"category","embeddable":true,"href":"https:\/\/www.ifbaiano.edu.br\/unidades\/santaines\/wp-json\/wp\/v2\/categories?post=12978"},{"taxonomy":"post_tag","embeddable":true,"href":"https:\/\/www.ifbaiano.edu.br\/unidades\/santaines\/wp-json\/wp\/v2\/tags?post=12978"}],"curies":[{"name":"wp","href":"https:\/\/api.w.org\/{rel}","templated":true}]}}