{"id":12992,"date":"2019-12-12T09:40:06","date_gmt":"2019-12-12T12:40:06","guid":{"rendered":"http:\/\/www.ifbaiano.edu.br\/unidades\/santaines\/?p=12992"},"modified":"2019-12-12T09:45:39","modified_gmt":"2019-12-12T12:45:39","slug":"12992-2","status":"publish","type":"post","link":"https:\/\/www.ifbaiano.edu.br\/unidades\/santaines\/12992-2\/","title":{"rendered":"Acontece, no Campus Santa In\u00eas, II Workshop de Inform\u00e1tica \u201cNovas Tecnologias ao alcance de  todos\u201d"},"content":{"rendered":"\n<p>Acontece, nos dias 17 e 18 de dezembro de 2019, no IF Baiano <em>Campus<\/em>  Santa In\u00eas o <strong>II Workshop de Inform\u00e1tica \u201cNovas Tecnologias ao alcance de  todos\u201d<\/strong>, ofertado pelo Curso Subsequente de Inform\u00e1tica. O evento tem  como objetivo oportunizar aos participantes adquirir conhecimentos no  mundo da inform\u00e1tica, atrav\u00e9s de palestras e minicursos que ser\u00e3o  desenvolvidos ao longo do evento, sob a coordena\u00e7\u00e3o de profissionais  renomados com vasta experi\u00eancia no mundo da tecnologia digital e no  mercado de trabalho.<\/p>\n\n\n\n<p>As  palestras do evento s\u00e3o abertas a todas as comunidades da regi\u00e3o.  Pessoas que n\u00e3o s\u00e3o estudantes do Campus tamb\u00e9m podem se inscrever,  gratuitamente preenchendo o formul\u00e1rio presente no link: <a rel=\"noreferrer noopener\" href=\"https:\/\/forms.gle\/7GJ2fungDLF8JZru5\" target=\"_blank\">https:\/\/forms.gle\/7GJ2fungDLF8JZru5<\/a>.<\/p>\n\n\n\n<p><strong>As inscri\u00e7\u00f5es estar\u00e3o abertas at\u00e9 do dia 16 de dezembro de 2019.<\/strong><\/p>\n\n\n\n<p>As\n palestras ocorrer\u00e3o no audit\u00f3rio, enquanto os minicursos ser\u00e3o \nrealizados no laborat\u00f3rio de inform\u00e1tica, seguindo a programa\u00e7\u00e3o abaixo:<\/p>\n\n\n\n<ol><li><strong>Palestra: <\/strong>Gest\u00e3o da seguran\u00e7a de redes com software livre.<ul><li><strong>Dia:<\/strong> 17\/12\/2019.<\/li><li><strong>Hor\u00e1rio: <\/strong>08h<\/li><li><strong>Palestrante:<\/strong> Prof. Hedertone \u2013 Instituto Federal da Bahia (IFBA), <em>Campus<\/em> Jequi\u00e9.<\/li><\/ul><\/li><li><strong>Minicurso:<\/strong> Compartilhando arquivos utilizando o Samba.<ul><li><strong>Dia:<\/strong> 17\/12\/2019.<\/li><li><strong>Hor\u00e1rio: <\/strong>14h<\/li><li><strong>Palestrante:<\/strong> Prof. Hedertone \u2013  <br>Instituto Federal da Bahia  (IFBA), <em>Campus<\/em> Jequi\u00e9.<\/li><\/ul><\/li><li><strong>Palestra:<\/strong> Tecnologias Exponenciais e Inova\u00e7\u00e3o Disruptiva: o Vale do Sil\u00edcio \u00e9 aqui!<ul><li><strong>Dia:<\/strong> 18\/12\/2019.<\/li><li><strong>Hor\u00e1rio:<\/strong> 08h<\/li><li><strong>Palestrante:<\/strong> Prof. Luciano Pestana \u2013  <br>Instituto Federal da Bahia  (IFBA), <em>Campus<\/em> Jequi\u00e9.<\/li><\/ul><\/li><li><strong>Minicurso:<\/strong> Desenvolvimento de Aplicativos para Android com o MIT App Inventor.<ul><li><strong>Dia:<\/strong> 18\/12\/2019.<\/li><li><strong>Hor\u00e1rio:<\/strong> 14h<\/li><li><strong>Palestrante:<\/strong> Prof. Luciano Pestana \u2013  <br>Instituto Federal da Bahia (IFBA), <em>Campus<\/em> Jequi\u00e9.<\/li><\/ul><\/li><\/ol>\n","protected":false},"excerpt":{"rendered":"<p>Acontece, nos dias 17 e 18 de dezembro de 2019, no IF Baiano Campus Santa In\u00eas o II Workshop de Inform\u00e1tica \u201cNovas Tecnologias ao alcance de todos\u201d, ofertado pelo Curso Subsequente de Inform\u00e1tica. O evento tem como objetivo oportunizar aos participantes adquirir conhecimentos no mundo da inform\u00e1tica, atrav\u00e9s de palestras e minicursos que ser\u00e3o desenvolvidos [&hellip;]<\/p>\n","protected":false},"author":86,"featured_media":0,"comment_status":"closed","ping_status":"closed","sticky":false,"template":"","format":"standard","meta":[],"categories":[4,10,57],"tags":[],"_links":{"self":[{"href":"https:\/\/www.ifbaiano.edu.br\/unidades\/santaines\/wp-json\/wp\/v2\/posts\/12992"}],"collection":[{"href":"https:\/\/www.ifbaiano.edu.br\/unidades\/santaines\/wp-json\/wp\/v2\/posts"}],"about":[{"href":"https:\/\/www.ifbaiano.edu.br\/unidades\/santaines\/wp-json\/wp\/v2\/types\/post"}],"author":[{"embeddable":true,"href":"https:\/\/www.ifbaiano.edu.br\/unidades\/santaines\/wp-json\/wp\/v2\/users\/86"}],"replies":[{"embeddable":true,"href":"https:\/\/www.ifbaiano.edu.br\/unidades\/santaines\/wp-json\/wp\/v2\/comments?post=12992"}],"version-history":[{"count":12,"href":"https:\/\/www.ifbaiano.edu.br\/unidades\/santaines\/wp-json\/wp\/v2\/posts\/12992\/revisions"}],"predecessor-version":[{"id":13005,"href":"https:\/\/www.ifbaiano.edu.br\/unidades\/santaines\/wp-json\/wp\/v2\/posts\/12992\/revisions\/13005"}],"wp:attachment":[{"href":"https:\/\/www.ifbaiano.edu.br\/unidades\/santaines\/wp-json\/wp\/v2\/media?parent=12992"}],"wp:term":[{"taxonomy":"category","embeddable":true,"href":"https:\/\/www.ifbaiano.edu.br\/unidades\/santaines\/wp-json\/wp\/v2\/categories?post=12992"},{"taxonomy":"post_tag","embeddable":true,"href":"https:\/\/www.ifbaiano.edu.br\/unidades\/santaines\/wp-json\/wp\/v2\/tags?post=12992"}],"curies":[{"name":"wp","href":"https:\/\/api.w.org\/{rel}","templated":true}]}}