{"id":13006,"date":"2019-12-18T16:39:48","date_gmt":"2019-12-18T19:39:48","guid":{"rendered":"http:\/\/www.ifbaiano.edu.br\/unidades\/santaines\/?p=13006"},"modified":"2019-12-18T16:40:45","modified_gmt":"2019-12-18T19:40:45","slug":"campus-santa-ines-promove-competicoes-esportivas-para-estudantes-e-servidores","status":"publish","type":"post","link":"https:\/\/www.ifbaiano.edu.br\/unidades\/santaines\/campus-santa-ines-promove-competicoes-esportivas-para-estudantes-e-servidores\/","title":{"rendered":"Campus Santa In\u00eas promove competi\u00e7\u00f5es esportivas para estudantes e servidores"},"content":{"rendered":"\n<figure class=\"wp-block-image\"><img decoding=\"async\" loading=\"lazy\" width=\"2356\" height=\"1319\" src=\"http:\/\/www.ifbaiano.edu.br\/unidades\/santaines\/files\/2019\/12\/DSC_0862.jpg\" alt=\"\" class=\"wp-image-13008\" \/><\/figure>\n\n\n\n<p>Foram realizados, no per\u00edodo de 11 a 14 de dezembro, os Jogos do Instituto Federal Baiano <em>Campus<\/em> Santa In\u00eas (JIFSI). A cerim\u00f4nia de abertura, que ocorreu na quadra poliesportiva do <em>campus<\/em>, contou com desfile de delega\u00e7\u00f5es, execu\u00e7\u00e3o do hino nacional, entrada do fogo simb\u00f3lico, acendimento da pira ol\u00edmpica e juramento do atleta, al\u00e9m de uma apresenta\u00e7\u00e3o cultural de dan\u00e7a.<\/p>\n\n\n\n<ul class=\"wp-block-gallery columns-3 is-cropped wp-block-gallery-1 is-layout-flex\"><li class=\"blocks-gallery-item\"><figure><img decoding=\"async\" loading=\"lazy\" width=\"1536\" height=\"2304\" src=\"http:\/\/www.ifbaiano.edu.br\/unidades\/santaines\/files\/2019\/12\/DSC_0876.jpg\" alt=\"\" data-id=\"13009\" data-link=\"http:\/\/www.ifbaiano.edu.br\/unidades\/santaines\/?attachment_id=13009\" class=\"wp-image-13009\" \/><\/figure><\/li><li class=\"blocks-gallery-item\"><figure><img decoding=\"async\" loading=\"lazy\" width=\"1741\" height=\"1141\" src=\"http:\/\/www.ifbaiano.edu.br\/unidades\/santaines\/files\/2019\/12\/DSC_0895.jpg\" alt=\"\" data-id=\"13010\" data-link=\"http:\/\/www.ifbaiano.edu.br\/unidades\/santaines\/?attachment_id=13010\" class=\"wp-image-13010\" \/><\/figure><\/li><li class=\"blocks-gallery-item\"><figure><img decoding=\"async\" loading=\"lazy\" width=\"2304\" height=\"1536\" src=\"http:\/\/www.ifbaiano.edu.br\/unidades\/santaines\/files\/2019\/12\/DSC_0954.jpg\" alt=\"\" data-id=\"13011\" data-link=\"http:\/\/www.ifbaiano.edu.br\/unidades\/santaines\/?attachment_id=13011\" class=\"wp-image-13011\" \/><\/figure><\/li><\/ul>\n\n\n\n<p> <br>Segundo a professora de educa\u00e7\u00e3o f\u00edsica e uma das coordenadoras do evento, Jeane Viana os objetivos dos JIFSI foram alcan\u00e7ados. \u201cTrouxe integra\u00e7\u00e3o sociocultural, viv\u00eancia de pr\u00e1ticas esportivas e de lazer no <em>campus<\/em>, valorizando o car\u00e1ter educativo e socializador do esporte&#8221;.<\/p>\n\n\n\n<p> <br>Foram tr\u00eas dias de jogos coletivos e individuais. Este ano, o JIFSI contou com cinco modalidades coletivas (futsal, basquetebol, handebol, voleibol e baleado) e cinco individuais (xadrez, dama, domin\u00f3, t\u00eanis de mesa e corrida). Houve mais de 350 inscri\u00e7\u00f5es, sendo que o mesmo estudante podia fazer inscri\u00e7\u00f5es em modalidades distintas (at\u00e9 duas coletivas e duas individuais).<\/p>\n\n\n\n<p> <br>&#8220;Dentro do nosso <em>campus,<\/em> os jogos s\u00e3o alvo de grandes expectativa e alegrias. O esporte desempenha duas de suas principais fun\u00e7\u00f5es: trazer alegria e uni\u00e3o. Foi meu segundo JIFSI, esse ano, medalha de ouro no baleado, uma experi\u00eancia incr\u00edvel, e grande lembran\u00e7a pra toda vida!&#8221;, destacou a estudante do 2\u00ba ano do curso t\u00e9cnico em Alimentos,  Emilly Novaes.  <\/p>\n\n\n\n<p>  <br>O prof Abdon Nogueira, Diretor-Geral do Campus, em nota, parabenizou todos os envolvidos e declarou que &#8220;Al\u00e9m de promover a sa\u00fade, o bem-estar e a qualidade de vida, a realiza\u00e7\u00e3o dos jogos \u00e9 um momento \u00edmpar para que os alunos desenvolvam as habilidades para o trabalho em equipe, a coopera\u00e7\u00e3o m\u00fatua, o respeito \u00e0s diferen\u00e7as e limita\u00e7\u00f5es, desenvolva estrat\u00e9gia e o racioc\u00ednio l\u00f3gico&#8221;.  <\/p>\n\n\n\n<p><br>A cerim\u00f4nia de encerramento aconteceu no s\u00e1bado, 14, com a realiza\u00e7\u00e3o de jogos amistosos entre servidores e estudantes, al\u00e9m da entrega de medalhas. <\/p>\n\n\n\n<ul class=\"wp-block-gallery columns-3 is-cropped wp-block-gallery-3 is-layout-flex\"><li class=\"blocks-gallery-item\"><figure><img decoding=\"async\" loading=\"lazy\" width=\"2402\" height=\"1602\" src=\"http:\/\/www.ifbaiano.edu.br\/unidades\/santaines\/files\/2019\/12\/DSC_0798.jpg\" alt=\"\" data-id=\"13013\" data-link=\"http:\/\/www.ifbaiano.edu.br\/unidades\/santaines\/?attachment_id=13013\" class=\"wp-image-13013\" \/><\/figure><\/li><li class=\"blocks-gallery-item\"><figure><img decoding=\"async\" loading=\"lazy\" width=\"2304\" height=\"3456\" src=\"http:\/\/www.ifbaiano.edu.br\/unidades\/santaines\/files\/2019\/12\/DSC_0299.jpg\" alt=\"\" data-id=\"13014\" data-link=\"http:\/\/www.ifbaiano.edu.br\/unidades\/santaines\/?attachment_id=13014\" class=\"wp-image-13014\" \/><\/figure><\/li><li class=\"blocks-gallery-item\"><figure><img decoding=\"async\" loading=\"lazy\" width=\"3456\" height=\"2304\" src=\"http:\/\/www.ifbaiano.edu.br\/unidades\/santaines\/files\/2019\/12\/DSC_0028.jpg\" alt=\"\" data-id=\"13016\" data-link=\"http:\/\/www.ifbaiano.edu.br\/unidades\/santaines\/?attachment_id=13016\" class=\"wp-image-13016\" \/><\/figure><\/li><li class=\"blocks-gallery-item\"><figure><img decoding=\"async\" loading=\"lazy\" width=\"2304\" height=\"1536\" src=\"http:\/\/www.ifbaiano.edu.br\/unidades\/santaines\/files\/2019\/12\/DSC_0992.jpg\" alt=\"\" data-id=\"13018\" data-link=\"http:\/\/www.ifbaiano.edu.br\/unidades\/santaines\/?attachment_id=13018\" class=\"wp-image-13018\" \/><\/figure><\/li><li class=\"blocks-gallery-item\"><figure><img decoding=\"async\" loading=\"lazy\" width=\"2304\" height=\"1536\" src=\"http:\/\/www.ifbaiano.edu.br\/unidades\/santaines\/files\/2019\/12\/DSC_0524.jpg\" alt=\"\" data-id=\"13019\" data-link=\"http:\/\/www.ifbaiano.edu.br\/unidades\/santaines\/?attachment_id=13019\" class=\"wp-image-13019\" \/><\/figure><\/li><li class=\"blocks-gallery-item\"><figure><img decoding=\"async\" loading=\"lazy\" width=\"639\" height=\"460\" src=\"http:\/\/www.ifbaiano.edu.br\/unidades\/santaines\/files\/2019\/12\/DSC_1119.jpg\" alt=\"\" data-id=\"13020\" data-link=\"http:\/\/www.ifbaiano.edu.br\/unidades\/santaines\/?attachment_id=13020\" class=\"wp-image-13020\" \/><\/figure><\/li><li class=\"blocks-gallery-item\"><figure><img decoding=\"async\" loading=\"lazy\" width=\"3275\" height=\"2198\" src=\"http:\/\/www.ifbaiano.edu.br\/unidades\/santaines\/files\/2019\/12\/Foto-1.png\" alt=\"\" data-id=\"13021\" data-link=\"http:\/\/www.ifbaiano.edu.br\/unidades\/santaines\/?attachment_id=13021\" class=\"wp-image-13021\" \/><\/figure><\/li><li class=\"blocks-gallery-item\"><figure><img decoding=\"async\" loading=\"lazy\" width=\"2304\" height=\"1536\" src=\"http:\/\/www.ifbaiano.edu.br\/unidades\/santaines\/files\/2019\/12\/DSC_1001-1.jpg\" alt=\"\" data-id=\"13025\" data-link=\"http:\/\/www.ifbaiano.edu.br\/unidades\/santaines\/?attachment_id=13025\" class=\"wp-image-13025\" \/><\/figure><\/li><li class=\"blocks-gallery-item\"><figure><img decoding=\"async\" loading=\"lazy\" width=\"3456\" height=\"2304\" src=\"http:\/\/www.ifbaiano.edu.br\/unidades\/santaines\/files\/2019\/12\/DSC_1042.jpg\" alt=\"\" data-id=\"13026\" data-link=\"http:\/\/www.ifbaiano.edu.br\/unidades\/santaines\/?attachment_id=13026\" class=\"wp-image-13026\" \/><\/figure><\/li><li class=\"blocks-gallery-item\"><figure><img decoding=\"async\" loading=\"lazy\" width=\"2016\" height=\"1372\" src=\"http:\/\/www.ifbaiano.edu.br\/unidades\/santaines\/files\/2019\/12\/DSC_1017.jpg\" alt=\"\" data-id=\"13029\" data-link=\"http:\/\/www.ifbaiano.edu.br\/unidades\/santaines\/?attachment_id=13029\" class=\"wp-image-13029\" \/><\/figure><\/li><\/ul>\n\n\n\n<p><br> Veja mais fotos em nosso Facebook:<a href=\"https:\/\/www.facebook.com\/ifsantaines\/\">https:\/\/www.facebook.com\/ifsantaines\/<\/a> <br> <\/p>\n","protected":false},"excerpt":{"rendered":"<p>Foram realizados, no per\u00edodo de 11 a 14 de dezembro, os Jogos do Instituto Federal Baiano Campus Santa In\u00eas (JIFSI). A cerim\u00f4nia de abertura, que ocorreu na quadra poliesportiva do campus, contou com desfile de delega\u00e7\u00f5es, execu\u00e7\u00e3o do hino nacional, entrada do fogo simb\u00f3lico, acendimento da pira ol\u00edmpica e juramento do atleta, al\u00e9m de uma [&hellip;]<\/p>\n","protected":false},"author":86,"featured_media":13030,"comment_status":"closed","ping_status":"closed","sticky":false,"template":"","format":"standard","meta":[],"categories":[4,5,23,10],"tags":[],"_links":{"self":[{"href":"https:\/\/www.ifbaiano.edu.br\/unidades\/santaines\/wp-json\/wp\/v2\/posts\/13006"}],"collection":[{"href":"https:\/\/www.ifbaiano.edu.br\/unidades\/santaines\/wp-json\/wp\/v2\/posts"}],"about":[{"href":"https:\/\/www.ifbaiano.edu.br\/unidades\/santaines\/wp-json\/wp\/v2\/types\/post"}],"author":[{"embeddable":true,"href":"https:\/\/www.ifbaiano.edu.br\/unidades\/santaines\/wp-json\/wp\/v2\/users\/86"}],"replies":[{"embeddable":true,"href":"https:\/\/www.ifbaiano.edu.br\/unidades\/santaines\/wp-json\/wp\/v2\/comments?post=13006"}],"version-history":[{"count":3,"href":"https:\/\/www.ifbaiano.edu.br\/unidades\/santaines\/wp-json\/wp\/v2\/posts\/13006\/revisions"}],"predecessor-version":[{"id":13032,"href":"https:\/\/www.ifbaiano.edu.br\/unidades\/santaines\/wp-json\/wp\/v2\/posts\/13006\/revisions\/13032"}],"wp:featuredmedia":[{"embeddable":true,"href":"https:\/\/www.ifbaiano.edu.br\/unidades\/santaines\/wp-json\/wp\/v2\/media\/13030"}],"wp:attachment":[{"href":"https:\/\/www.ifbaiano.edu.br\/unidades\/santaines\/wp-json\/wp\/v2\/media?parent=13006"}],"wp:term":[{"taxonomy":"category","embeddable":true,"href":"https:\/\/www.ifbaiano.edu.br\/unidades\/santaines\/wp-json\/wp\/v2\/categories?post=13006"},{"taxonomy":"post_tag","embeddable":true,"href":"https:\/\/www.ifbaiano.edu.br\/unidades\/santaines\/wp-json\/wp\/v2\/tags?post=13006"}],"curies":[{"name":"wp","href":"https:\/\/api.w.org\/{rel}","templated":true}]}}