{"id":13033,"date":"2019-12-18T17:13:57","date_gmt":"2019-12-18T20:13:57","guid":{"rendered":"http:\/\/www.ifbaiano.edu.br\/unidades\/santaines\/?p=13033"},"modified":"2019-12-18T17:13:57","modified_gmt":"2019-12-18T20:13:57","slug":"curso-tecnico-em-agropecuaria-realiza-dia-de-campo-para-comunidade-de-assentamento","status":"publish","type":"post","link":"https:\/\/www.ifbaiano.edu.br\/unidades\/santaines\/curso-tecnico-em-agropecuaria-realiza-dia-de-campo-para-comunidade-de-assentamento\/","title":{"rendered":"Curso t\u00e9cnico em Agropecu\u00e1ria realiza &#8216;Dia de Campo&#8217; para comunidade de assentamento"},"content":{"rendered":"\n<figure class=\"wp-block-image\"><img decoding=\"async\" loading=\"lazy\" width=\"1600\" height=\"1200\" src=\"http:\/\/www.ifbaiano.edu.br\/unidades\/santaines\/files\/2019\/12\/7c5d30e3-2d2f-449e-a6fb-e5225eedbf88.jpg\" alt=\"\" class=\"wp-image-13044\" \/><\/figure>\n\n\n\n<p>No \u00faltimo domingo, 15, estudantes e professores do Curso T\u00e9cnico em Agropecu\u00e1ria PROEJA promoveram um \u201cDia de Campo\u201d no Assentamento Itatiaia\/Imber, localizado no munic\u00edpio de Santa In\u00eas. O evento foi organizado pela coordena\u00e7\u00e3o do curso para a comunidade do assentamento, que compareceu para prestigiar os estudantes. Dentre eles, um de seus moradores, o estudante Marco Ant\u00f4nio e os professores do IF Baiano Campus Santa In\u00eas que atuam no curso e ministram disciplinas nesse segundo m\u00f3dulo.<\/p>\n\n\n\n<p><br>O \u201cDia de Campo\u201d teve como proposta estimular maior integra\u00e7\u00e3o entre os estudantes do curso e os agricultores do Assentamento Itatiaia\/Imb\u00e9, com a demonstra\u00e7\u00e3o de algumas pr\u00e1ticas utilizadas na preserva\u00e7\u00e3o do meio ambiente.<\/p>\n\n\n\n<p><br>O encontro iniciou com um caf\u00e9 da manh\u00e3 para todos os participantes. Houve uma breve apresenta\u00e7\u00e3o de todos os presentes e, em seguida, o Professor de F\u00edsica Cleber Silva iniciou uma conversa sobre os impactos ao meio ambiente e \u00e0 sa\u00fade, decorrentes do mau uso do fog\u00e3o a lenha. Ele tamb\u00e9m apresentou alguns modelos de fog\u00e3o alternativo que podem contribuir para a redu\u00e7\u00e3o da exposi\u00e7\u00e3o \u00e0 fuma\u00e7a, assim como para redu\u00e7\u00e3o da coleta de lenha na caatinga pelas pessoas cuja condi\u00e7\u00e3o social dificulta o acesso ao g\u00e1s de cozinha.<\/p>\n\n\n\n<p><br>No segundo momento, os alunos demonstraram t\u00e9cnicas conservacionistas de solo e \u00e1gua, utilizando um simulador de eros\u00e3o. Tais t\u00e9cnicas, desenvolvidas ao longo do curso, possibilitam, ao profissional de agropecu\u00e1ria, passar seus conhecimentos ao produtor rural. Foi demonstrada, ainda, a t\u00e9cnica de compostagem e a constru\u00e7\u00e3o de curvas de n\u00edvel.<\/p>\n\n\n\n<ul class=\"wp-block-gallery columns-3 is-cropped wp-block-gallery-1 is-layout-flex\"><li class=\"blocks-gallery-item\"><figure><img decoding=\"async\" loading=\"lazy\" width=\"1280\" height=\"605\" src=\"http:\/\/www.ifbaiano.edu.br\/unidades\/santaines\/files\/2019\/12\/WhatsApp-Image-2019-12-15-at-19.00.35.jpeg\" alt=\"\" data-id=\"13037\" data-link=\"http:\/\/www.ifbaiano.edu.br\/unidades\/santaines\/?attachment_id=13037\" class=\"wp-image-13037\" \/><\/figure><\/li><li class=\"blocks-gallery-item\"><figure><img decoding=\"async\" loading=\"lazy\" width=\"1152\" height=\"546\" src=\"http:\/\/www.ifbaiano.edu.br\/unidades\/santaines\/files\/2019\/12\/WhatsApp-Image-2019-12-15-at-19.02.24.jpeg\" alt=\"\" data-id=\"13039\" data-link=\"http:\/\/www.ifbaiano.edu.br\/unidades\/santaines\/?attachment_id=13039\" class=\"wp-image-13039\" \/><\/figure><\/li><li class=\"blocks-gallery-item\"><figure><img decoding=\"async\" loading=\"lazy\" width=\"1152\" height=\"546\" src=\"http:\/\/www.ifbaiano.edu.br\/unidades\/santaines\/files\/2019\/12\/WhatsApp-Image-2019-12-15-at-19.09.43-1.jpeg\" alt=\"\" data-id=\"13040\" data-link=\"http:\/\/www.ifbaiano.edu.br\/unidades\/santaines\/?attachment_id=13040\" class=\"wp-image-13040\" \/><\/figure><\/li><li class=\"blocks-gallery-item\"><figure><img decoding=\"async\" loading=\"lazy\" width=\"1152\" height=\"864\" src=\"http:\/\/www.ifbaiano.edu.br\/unidades\/santaines\/files\/2019\/12\/WhatsApp-Image-2019-12-17-at-11.40.29.jpeg\" alt=\"\" data-id=\"13042\" data-link=\"http:\/\/www.ifbaiano.edu.br\/unidades\/santaines\/?attachment_id=13042\" class=\"wp-image-13042\" \/><\/figure><\/li><li class=\"blocks-gallery-item\"><figure><img decoding=\"async\" loading=\"lazy\" width=\"1152\" height=\"864\" src=\"http:\/\/www.ifbaiano.edu.br\/unidades\/santaines\/files\/2019\/12\/WhatsApp-Image-2019-12-17-at-11.40.30.jpeg\" alt=\"\" data-id=\"13043\" data-link=\"http:\/\/www.ifbaiano.edu.br\/unidades\/santaines\/?attachment_id=13043\" class=\"wp-image-13043\" \/><\/figure><\/li><li class=\"blocks-gallery-item\"><figure><img decoding=\"async\" loading=\"lazy\" width=\"1600\" height=\"1200\" src=\"http:\/\/www.ifbaiano.edu.br\/unidades\/santaines\/files\/2019\/12\/240f73af-edd5-4cf1-81c9-8683a466d55b-1.jpg\" alt=\"\" data-id=\"13054\" data-link=\"http:\/\/www.ifbaiano.edu.br\/unidades\/santaines\/?attachment_id=13054\" class=\"wp-image-13054\" \/><\/figure><\/li><\/ul>\n\n\n\n<p>Segundo a coordenadora do curso, Professora Patr\u00edcia Moura Neves, a expectativa \u00e9 que a comunidade tenha conhecimento sobre o curso e que os docentes pensem e contextualizem suas pr\u00e1ticas pedag\u00f3gicas para melhor atender as demandas desse p\u00fablico. A mesma fez uma avalia\u00e7\u00e3o do evento, destacando que a comunidade ficou motivada e percebeu que o IF Baiano est\u00e1 mais pr\u00f3ximo, o que possibilita uma integra\u00e7\u00e3o para futuras parcerias e a busca pelo desenvolvimento local.<br> <br><\/p>\n\n\n\n<p>O Professor de Extens\u00e3o Rural Andr\u00e9 Leonardo, em sua fala, ratificou a import\u00e2ncia da assist\u00eancia t\u00e9cnica para o homem do campo e que, apesar de n\u00e3o ser o objetivo a institui\u00e7\u00e3o, o IF Baiano forma t\u00e9cnicos capazes de realizarem tal a\u00e7\u00e3o com qualidade. \u201cEnquanto institui\u00e7\u00e3o de ensino, a gente n\u00e3o consegue fazer assist\u00eancia t\u00e9cnica, mas consegue formar t\u00e9cnicos que v\u00e3o faz\u00ea-la. E que qualquer d\u00favida, esses t\u00e9cnicos podem retornar pra que a gente possa orientar e fortalecer cada vez mais esse processo.\u201d<\/p>\n\n\n\n<ul class=\"wp-block-gallery columns-3 is-cropped wp-block-gallery-3 is-layout-flex\"><li class=\"blocks-gallery-item\"><figure><img decoding=\"async\" loading=\"lazy\" width=\"1600\" height=\"1200\" src=\"http:\/\/www.ifbaiano.edu.br\/unidades\/santaines\/files\/2019\/12\/25b509e8-e7ec-4ad0-97e4-a79a7cadc0ba.jpg\" alt=\"\" data-id=\"13045\" data-link=\"http:\/\/www.ifbaiano.edu.br\/unidades\/santaines\/?attachment_id=13045\" class=\"wp-image-13045\" \/><\/figure><\/li><li class=\"blocks-gallery-item\"><figure><img decoding=\"async\" loading=\"lazy\" width=\"1152\" height=\"546\" src=\"http:\/\/www.ifbaiano.edu.br\/unidades\/santaines\/files\/2019\/12\/b626bc64-b2c7-4823-9d3a-e09b998adb49.jpg\" alt=\"\" data-id=\"13047\" data-link=\"http:\/\/www.ifbaiano.edu.br\/unidades\/santaines\/?attachment_id=13047\" class=\"wp-image-13047\" \/><\/figure><\/li><li class=\"blocks-gallery-item\"><figure><img decoding=\"async\" loading=\"lazy\" width=\"1600\" height=\"1200\" src=\"http:\/\/www.ifbaiano.edu.br\/unidades\/santaines\/files\/2019\/12\/c97f1c96-046f-472d-8c73-fbd1ce9b0b4b.jpg\" alt=\"\" data-id=\"13048\" data-link=\"http:\/\/www.ifbaiano.edu.br\/unidades\/santaines\/?attachment_id=13048\" class=\"wp-image-13048\" \/><\/figure><\/li><li class=\"blocks-gallery-item\"><figure><img decoding=\"async\" loading=\"lazy\" width=\"1600\" height=\"1200\" src=\"http:\/\/www.ifbaiano.edu.br\/unidades\/santaines\/files\/2019\/12\/c6175fe6-9e36-444f-8356-206439cfb925.jpg\" alt=\"\" data-id=\"13049\" data-link=\"http:\/\/www.ifbaiano.edu.br\/unidades\/santaines\/?attachment_id=13049\" class=\"wp-image-13049\" \/><\/figure><\/li><li class=\"blocks-gallery-item\"><figure><img decoding=\"async\" loading=\"lazy\" width=\"1152\" height=\"546\" src=\"http:\/\/www.ifbaiano.edu.br\/unidades\/santaines\/files\/2019\/12\/cef8334c-e11f-4d15-af1a-3d285c9939e0.jpg\" alt=\"\" data-id=\"13050\" data-link=\"http:\/\/www.ifbaiano.edu.br\/unidades\/santaines\/?attachment_id=13050\" class=\"wp-image-13050\" \/><\/figure><\/li><li class=\"blocks-gallery-item\"><figure><img decoding=\"async\" loading=\"lazy\" width=\"1280\" height=\"605\" src=\"http:\/\/www.ifbaiano.edu.br\/unidades\/santaines\/files\/2019\/12\/WhatsApp-Image-2019-12-15-at-18.59.17.jpeg\" alt=\"\" data-id=\"13051\" data-link=\"http:\/\/www.ifbaiano.edu.br\/unidades\/santaines\/?attachment_id=13051\" class=\"wp-image-13051\" \/><\/figure><\/li><li class=\"blocks-gallery-item\"><figure><img decoding=\"async\" loading=\"lazy\" width=\"1280\" height=\"605\" src=\"http:\/\/www.ifbaiano.edu.br\/unidades\/santaines\/files\/2019\/12\/WhatsApp-Image-2019-12-15-at-19.00.13.jpeg\" alt=\"\" data-id=\"13052\" data-link=\"http:\/\/www.ifbaiano.edu.br\/unidades\/santaines\/?attachment_id=13052\" class=\"wp-image-13052\" \/><\/figure><\/li><li class=\"blocks-gallery-item\"><figure><img decoding=\"async\" loading=\"lazy\" width=\"1152\" height=\"546\" src=\"http:\/\/www.ifbaiano.edu.br\/unidades\/santaines\/files\/2019\/12\/WhatsApp-Image-2019-12-15-at-19.02.17.jpeg\" alt=\"\" data-id=\"13053\" data-link=\"http:\/\/www.ifbaiano.edu.br\/unidades\/santaines\/?attachment_id=13053\" class=\"wp-image-13053\" \/><\/figure><\/li><li class=\"blocks-gallery-item\"><figure><img decoding=\"async\" loading=\"lazy\" width=\"1152\" height=\"864\" src=\"http:\/\/www.ifbaiano.edu.br\/unidades\/santaines\/files\/2019\/12\/WhatsApp-Image-2019-12-17-at-11.40.27-1.jpeg\" alt=\"\" data-id=\"13055\" data-link=\"http:\/\/www.ifbaiano.edu.br\/unidades\/santaines\/?attachment_id=13055\" class=\"wp-image-13055\" \/><\/figure><\/li><\/ul>\n\n\n\n<p><br> <br> <br> <\/p>\n","protected":false},"excerpt":{"rendered":"<p>No \u00faltimo domingo, 15, estudantes e professores do Curso T\u00e9cnico em Agropecu\u00e1ria PROEJA promoveram um \u201cDia de Campo\u201d no Assentamento Itatiaia\/Imber, localizado no munic\u00edpio de Santa In\u00eas. O evento foi organizado pela coordena\u00e7\u00e3o do curso para a comunidade do assentamento, que compareceu para prestigiar os estudantes. Dentre eles, um de seus moradores, o estudante Marco [&hellip;]<\/p>\n","protected":false},"author":86,"featured_media":13034,"comment_status":"closed","ping_status":"closed","sticky":false,"template":"","format":"standard","meta":[],"categories":[4,13,10,57],"tags":[],"_links":{"self":[{"href":"https:\/\/www.ifbaiano.edu.br\/unidades\/santaines\/wp-json\/wp\/v2\/posts\/13033"}],"collection":[{"href":"https:\/\/www.ifbaiano.edu.br\/unidades\/santaines\/wp-json\/wp\/v2\/posts"}],"about":[{"href":"https:\/\/www.ifbaiano.edu.br\/unidades\/santaines\/wp-json\/wp\/v2\/types\/post"}],"author":[{"embeddable":true,"href":"https:\/\/www.ifbaiano.edu.br\/unidades\/santaines\/wp-json\/wp\/v2\/users\/86"}],"replies":[{"embeddable":true,"href":"https:\/\/www.ifbaiano.edu.br\/unidades\/santaines\/wp-json\/wp\/v2\/comments?post=13033"}],"version-history":[{"count":1,"href":"https:\/\/www.ifbaiano.edu.br\/unidades\/santaines\/wp-json\/wp\/v2\/posts\/13033\/revisions"}],"predecessor-version":[{"id":13056,"href":"https:\/\/www.ifbaiano.edu.br\/unidades\/santaines\/wp-json\/wp\/v2\/posts\/13033\/revisions\/13056"}],"wp:featuredmedia":[{"embeddable":true,"href":"https:\/\/www.ifbaiano.edu.br\/unidades\/santaines\/wp-json\/wp\/v2\/media\/13034"}],"wp:attachment":[{"href":"https:\/\/www.ifbaiano.edu.br\/unidades\/santaines\/wp-json\/wp\/v2\/media?parent=13033"}],"wp:term":[{"taxonomy":"category","embeddable":true,"href":"https:\/\/www.ifbaiano.edu.br\/unidades\/santaines\/wp-json\/wp\/v2\/categories?post=13033"},{"taxonomy":"post_tag","embeddable":true,"href":"https:\/\/www.ifbaiano.edu.br\/unidades\/santaines\/wp-json\/wp\/v2\/tags?post=13033"}],"curies":[{"name":"wp","href":"https:\/\/api.w.org\/{rel}","templated":true}]}}