{"id":13062,"date":"2019-12-26T17:59:00","date_gmt":"2019-12-26T20:59:00","guid":{"rendered":"http:\/\/www.ifbaiano.edu.br\/unidades\/santaines\/?p=13062"},"modified":"2020-01-07T13:29:08","modified_gmt":"2020-01-07T16:29:08","slug":"campus-santa-ines-publica-edital-de-renovacao-de-matricula-para-o-ano-letivo-de-2020","status":"publish","type":"post","link":"https:\/\/www.ifbaiano.edu.br\/unidades\/santaines\/campus-santa-ines-publica-edital-de-renovacao-de-matricula-para-o-ano-letivo-de-2020\/","title":{"rendered":"Campus Santa In\u00eas publica  Edital de Renova\u00e7\u00e3o de Matr\u00edcula para o Ano Letivo de 2020"},"content":{"rendered":"\n<p>A matr\u00edcula ser\u00e1 efetivada na Secretaria de Registros Acad\u00eamicos (SRA) do IF Baiano &#8211; Campus Santa In\u00eas, no endere\u00e7o Rodovia BR 420 \u2013 KM 2,5 &#8211; Santa In\u00eas\/Uba\u00edra CEP: 45320-000 \u2013Santa In\u00eas-Bahia. Telefone: (73) 3536-1210, conforme per\u00edodo especificado no edital.<\/p>\n\n\n\n<p>Poder\u00e3o renovar a matr\u00edcula os estudantes regularmente matriculados nos Cursos da Educa\u00e7\u00e3o Profissional T\u00e9cnica de N\u00edvel M\u00e9dio na modalidade Integrada, que estiverem cursando a 1\u00aa e 2\u00aa s\u00e9rie, aos estudantes reprovados na 3\u00aa s\u00e9rie e ao requerente que obteve sua reintegra\u00e7\u00e3o no curso aprovada pelo Conselho de Curso. <\/p>\n\n\n\n<p>Os per\u00edodos est\u00e3o assim distribu\u00eddos: para os estudantes do 1\u00ba ano &#8211; 03 a 05\/02\/2020; 2\u00ba ano &#8211; 06, 07 e 10\/02\/2020; 3\u00ba ano &#8211; 09 a 10\/03\/2020; Solicita\u00e7\u00e3o de Reintegra\u00e7\u00e3o ao Curso &#8211; 11 a 13\/03\/2020; Matr\u00edcula dos estudantes reintegrados &#8211; 23 a 25\/03\/2020. O hor\u00e1rio para todos os casos \u00e9 das 08h \u00e0s 16h.  <\/p>\n\n\n\n<p>A matr\u00edcula dever\u00e1 ser efetuada pelo estudante, quando maior de idade, por seu respons\u00e1vel legal, quando menor de idade ou por procurador legalmente constitu\u00eddo. No caso da renova\u00e7\u00e3o da matr\u00edcula por procura\u00e7\u00e3o, dever\u00e3o ser apresentados \u00e0 SRA, a procura\u00e7\u00e3o, documento de identifica\u00e7\u00e3o com foto do procurador, c\u00f3pia do documento de identifica\u00e7\u00e3o do respons\u00e1vel legal (se o discente for menor) e c\u00f3pia da carteira de identidade do estudante. <\/p>\n\n\n\n<p>O estudante desvinculado da Institui\u00e7\u00e3o poder\u00e1 reintegrar-se ao curso, desde que justificadas as causas que provocaram a desvincula\u00e7\u00e3o, e haja exist\u00eancia de vagas. N\u00e3o ser\u00e1 concedida a reintegra\u00e7\u00e3o ao curso para o estudante desvinculado da Institui\u00e7\u00e3o por mais de 12 meses. A reintegra\u00e7\u00e3o ao curso ser\u00e1 concedida apenas uma \u00fanica vez <\/p>\n\n\n\n<p>As solicita\u00e7\u00f5es para reintegra\u00e7\u00e3o ao curso dever\u00e3o ser realizadas no per\u00edodo de 11 a 13\/03\/2020, conforme estabelecido no Calend\u00e1rio Acad\u00eamico do campus. <\/p>\n\n\n\n<p>No caso de deferimento da solicita\u00e7\u00e3o de reintegra\u00e7\u00e3o ao curso, o estudante dever\u00e1 efetuar a renova\u00e7\u00e3o da matr\u00edcula no per\u00edodo de 23 a 25\/03\/2020, conforme estabelecido no Edital.  <\/p>\n\n\n\n<p>Todas as informa\u00e7\u00f5es est\u00e3o dispon\u00edveis no EDITAL. <strong><a href=\"http:\/\/www.ifbaiano.edu.br\/unidades\/santaines\/files\/2019\/12\/EDITAL-DE-RENOVACAO-DE-MATRICULA-INTEGRADO-2019.pdf\">CLIQUE AQUI.<\/a><\/strong><\/p>\n","protected":false},"excerpt":{"rendered":"<p>A matr\u00edcula ser\u00e1 efetivada na Secretaria de Registros Acad\u00eamicos (SRA) do IF Baiano &#8211; Campus Santa In\u00eas, no endere\u00e7o Rodovia BR 420 \u2013 KM 2,5 &#8211; Santa In\u00eas\/Uba\u00edra CEP: 45320-000 \u2013Santa In\u00eas-Bahia. Telefone: (73) 3536-1210, conforme per\u00edodo especificado no edital. Poder\u00e3o renovar a matr\u00edcula os estudantes regularmente matriculados nos Cursos da Educa\u00e7\u00e3o Profissional T\u00e9cnica de [&hellip;]<\/p>\n","protected":false},"author":86,"featured_media":0,"comment_status":"closed","ping_status":"closed","sticky":false,"template":"","format":"standard","meta":[],"categories":[4,13,10,57],"tags":[],"_links":{"self":[{"href":"https:\/\/www.ifbaiano.edu.br\/unidades\/santaines\/wp-json\/wp\/v2\/posts\/13062"}],"collection":[{"href":"https:\/\/www.ifbaiano.edu.br\/unidades\/santaines\/wp-json\/wp\/v2\/posts"}],"about":[{"href":"https:\/\/www.ifbaiano.edu.br\/unidades\/santaines\/wp-json\/wp\/v2\/types\/post"}],"author":[{"embeddable":true,"href":"https:\/\/www.ifbaiano.edu.br\/unidades\/santaines\/wp-json\/wp\/v2\/users\/86"}],"replies":[{"embeddable":true,"href":"https:\/\/www.ifbaiano.edu.br\/unidades\/santaines\/wp-json\/wp\/v2\/comments?post=13062"}],"version-history":[{"count":1,"href":"https:\/\/www.ifbaiano.edu.br\/unidades\/santaines\/wp-json\/wp\/v2\/posts\/13062\/revisions"}],"predecessor-version":[{"id":13064,"href":"https:\/\/www.ifbaiano.edu.br\/unidades\/santaines\/wp-json\/wp\/v2\/posts\/13062\/revisions\/13064"}],"wp:attachment":[{"href":"https:\/\/www.ifbaiano.edu.br\/unidades\/santaines\/wp-json\/wp\/v2\/media?parent=13062"}],"wp:term":[{"taxonomy":"category","embeddable":true,"href":"https:\/\/www.ifbaiano.edu.br\/unidades\/santaines\/wp-json\/wp\/v2\/categories?post=13062"},{"taxonomy":"post_tag","embeddable":true,"href":"https:\/\/www.ifbaiano.edu.br\/unidades\/santaines\/wp-json\/wp\/v2\/tags?post=13062"}],"curies":[{"name":"wp","href":"https:\/\/api.w.org\/{rel}","templated":true}]}}