{"id":13067,"date":"2020-01-07T13:34:06","date_gmt":"2020-01-07T16:34:06","guid":{"rendered":"http:\/\/www.ifbaiano.edu.br\/unidades\/santaines\/?p=13067"},"modified":"2020-01-17T12:03:13","modified_gmt":"2020-01-17T15:03:13","slug":"ingressantes-2020-publicacao-edital-de-matricula-para-o-ano-letivo-de-2020","status":"publish","type":"post","link":"https:\/\/www.ifbaiano.edu.br\/unidades\/santaines\/ingressantes-2020-publicacao-edital-de-matricula-para-o-ano-letivo-de-2020\/","title":{"rendered":"INGRESSANTES 2020: Publica\u00e7\u00e3o  Edital de Matr\u00edcula para o Ano Letivo de 2020"},"content":{"rendered":"\n<p> A matr\u00edcula ser\u00e1 efetivada na Secretaria de Registros Acad\u00eamicos (SRA) do IF Baiano &#8211; Campus Santa In\u00eas, no endere\u00e7o Rodovia BR 420 \u2013 KM 2,5 &#8211; Santa In\u00eas\/Uba\u00edra CEP: 45320-000 \u2013Santa In\u00eas-Bahia. Telefone: (73) 3536-1210, conforme per\u00edodo especificado no edital. <\/p>\n\n\n\n<p>Para mais informa\u00e7\u00f5es <a href=\"http:\/\/concurso.ifbaiano.edu.br\/portal\/ingresso-de-estudantes-2020\/\">clique aqui.<\/a><\/p>\n","protected":false},"excerpt":{"rendered":"<p>A matr\u00edcula ser\u00e1 efetivada na Secretaria de Registros Acad\u00eamicos (SRA) do IF Baiano &#8211; Campus Santa In\u00eas, no endere\u00e7o Rodovia BR 420 \u2013 KM 2,5 &#8211; Santa In\u00eas\/Uba\u00edra CEP: 45320-000 \u2013Santa In\u00eas-Bahia. Telefone: (73) 3536-1210, conforme per\u00edodo especificado no edital. Para mais informa\u00e7\u00f5es clique aqui.<\/p>\n","protected":false},"author":7,"featured_media":12605,"comment_status":"closed","ping_status":"closed","sticky":false,"template":"","format":"standard","meta":[],"categories":[4,5,10,57],"tags":[],"_links":{"self":[{"href":"https:\/\/www.ifbaiano.edu.br\/unidades\/santaines\/wp-json\/wp\/v2\/posts\/13067"}],"collection":[{"href":"https:\/\/www.ifbaiano.edu.br\/unidades\/santaines\/wp-json\/wp\/v2\/posts"}],"about":[{"href":"https:\/\/www.ifbaiano.edu.br\/unidades\/santaines\/wp-json\/wp\/v2\/types\/post"}],"author":[{"embeddable":true,"href":"https:\/\/www.ifbaiano.edu.br\/unidades\/santaines\/wp-json\/wp\/v2\/users\/7"}],"replies":[{"embeddable":true,"href":"https:\/\/www.ifbaiano.edu.br\/unidades\/santaines\/wp-json\/wp\/v2\/comments?post=13067"}],"version-history":[{"count":1,"href":"https:\/\/www.ifbaiano.edu.br\/unidades\/santaines\/wp-json\/wp\/v2\/posts\/13067\/revisions"}],"predecessor-version":[{"id":13068,"href":"https:\/\/www.ifbaiano.edu.br\/unidades\/santaines\/wp-json\/wp\/v2\/posts\/13067\/revisions\/13068"}],"wp:featuredmedia":[{"embeddable":true,"href":"https:\/\/www.ifbaiano.edu.br\/unidades\/santaines\/wp-json\/wp\/v2\/media\/12605"}],"wp:attachment":[{"href":"https:\/\/www.ifbaiano.edu.br\/unidades\/santaines\/wp-json\/wp\/v2\/media?parent=13067"}],"wp:term":[{"taxonomy":"category","embeddable":true,"href":"https:\/\/www.ifbaiano.edu.br\/unidades\/santaines\/wp-json\/wp\/v2\/categories?post=13067"},{"taxonomy":"post_tag","embeddable":true,"href":"https:\/\/www.ifbaiano.edu.br\/unidades\/santaines\/wp-json\/wp\/v2\/tags?post=13067"}],"curies":[{"name":"wp","href":"https:\/\/api.w.org\/{rel}","templated":true}]}}