{"id":13070,"date":"2020-01-06T12:27:00","date_gmt":"2020-01-06T15:27:00","guid":{"rendered":"http:\/\/www.ifbaiano.edu.br\/unidades\/santaines\/?p=13070"},"modified":"2020-01-10T12:04:41","modified_gmt":"2020-01-10T15:04:41","slug":"campus-santa-ines-publica-retificacao-do-edital-de-renovacao-de-matricula-dos-estudantes-dos-cursos-de-graduacao-e-matricula-especial-semestre-2019-2","status":"publish","type":"post","link":"https:\/\/www.ifbaiano.edu.br\/unidades\/santaines\/campus-santa-ines-publica-retificacao-do-edital-de-renovacao-de-matricula-dos-estudantes-dos-cursos-de-graduacao-e-matricula-especial-semestre-2019-2\/","title":{"rendered":"Campus Santa In\u00eas publica  retifica\u00e7\u00e3o do edital de renova\u00e7\u00e3o de matr\u00edcula dos estudantes dos cursos de gradua\u00e7\u00e3o e matr\u00edcula especial semestre 2019.2"},"content":{"rendered":"\n<p>O Edital n\u00ba 16, de 14 de Novembro de 2019 que trata da renova\u00e7\u00e3o de matr\u00edcula dos estudantes dos cursos de gradua\u00e7\u00e3o e matr\u00edcula especial semestre 2019.2, foi retificado. O novo <a href=\"http:\/\/www.ifbaiano.edu.br\/unidades\/santaines\/files\/2020\/01\/EDITAL-DE-RENOVA\u00c7\u00c3O-GRADUA\u00c7\u00c3O-RETIFICADO.pdf\">Edital Retificado<\/a>&nbsp;encontra-se na P\u00e1gina do Campus.<\/p>\n\n\n\n<p>O IF Baiano&nbsp;<em>campus<\/em> Santa In\u00eas, publicou o <a href=\"http:\/\/www.ifbaiano.edu.br\/unidades\/santaines\/files\/2019\/11\/Edital-16_2019-Rematr%C3%ADcula-Superior.pdf\">edital<\/a> no dia <a href=\"http:\/\/www.ifbaiano.edu.br\/unidades\/santaines\/campus-santa-ines-convoca-estudantes-dos-cursos-superiores-para-renovacao-de-matriculas\/\">14 de novembro de 2019.<\/a><\/p>\n\n\n\n<p> O Estudante que n\u00e3o realizar a Renova\u00e7\u00e3o de Matr\u00edcula no per\u00edodo definido no Edital, dever\u00e1 solicitar matr\u00edcula fora do prazo na Secretaria de Registros Acad\u00eamicos (SRA), do&nbsp;<em>Campus&nbsp;<\/em>Santa In\u00eas, na data especificada no Edital, com justificativa a ser analisada para deferimento ou n\u00e3o da solicita\u00e7\u00e3o. Tendo deferida a solicita\u00e7\u00e3o, este concorrer\u00e1 \u00e0s vagas dispon\u00edveis.<\/p>\n\n\n\n<p>A Renova\u00e7\u00e3o de Matr\u00edcula para o Semestre 2019.2 ser\u00e1 on-line e dever\u00e1 ser realizada via internet, no sistema SIGAA, Portal do Discente e somente ser\u00e1 realizada durante o per\u00edodo permitido pela Institui\u00e7\u00e3o.<\/p>\n\n\n\n<p>O preenchimento de vagas em cada disciplina considerar\u00e1 o limite m\u00e1ximo de 40 (quarenta) vagas.<\/p>\n","protected":false},"excerpt":{"rendered":"<p>O Edital n\u00ba 16, de 14 de Novembro de 2019 que trata da renova\u00e7\u00e3o de matr\u00edcula dos estudantes dos cursos de gradua\u00e7\u00e3o e matr\u00edcula especial semestre 2019.2, foi retificado. O novo Edital Retificado&nbsp;encontra-se na P\u00e1gina do Campus. O IF Baiano&nbsp;campus Santa In\u00eas, publicou o edital no dia 14 de novembro de 2019. O Estudante que [&hellip;]<\/p>\n","protected":false},"author":7,"featured_media":13073,"comment_status":"closed","ping_status":"closed","sticky":false,"template":"","format":"standard","meta":[],"categories":[4,10,57],"tags":[],"_links":{"self":[{"href":"https:\/\/www.ifbaiano.edu.br\/unidades\/santaines\/wp-json\/wp\/v2\/posts\/13070"}],"collection":[{"href":"https:\/\/www.ifbaiano.edu.br\/unidades\/santaines\/wp-json\/wp\/v2\/posts"}],"about":[{"href":"https:\/\/www.ifbaiano.edu.br\/unidades\/santaines\/wp-json\/wp\/v2\/types\/post"}],"author":[{"embeddable":true,"href":"https:\/\/www.ifbaiano.edu.br\/unidades\/santaines\/wp-json\/wp\/v2\/users\/7"}],"replies":[{"embeddable":true,"href":"https:\/\/www.ifbaiano.edu.br\/unidades\/santaines\/wp-json\/wp\/v2\/comments?post=13070"}],"version-history":[{"count":3,"href":"https:\/\/www.ifbaiano.edu.br\/unidades\/santaines\/wp-json\/wp\/v2\/posts\/13070\/revisions"}],"predecessor-version":[{"id":13075,"href":"https:\/\/www.ifbaiano.edu.br\/unidades\/santaines\/wp-json\/wp\/v2\/posts\/13070\/revisions\/13075"}],"wp:featuredmedia":[{"embeddable":true,"href":"https:\/\/www.ifbaiano.edu.br\/unidades\/santaines\/wp-json\/wp\/v2\/media\/13073"}],"wp:attachment":[{"href":"https:\/\/www.ifbaiano.edu.br\/unidades\/santaines\/wp-json\/wp\/v2\/media?parent=13070"}],"wp:term":[{"taxonomy":"category","embeddable":true,"href":"https:\/\/www.ifbaiano.edu.br\/unidades\/santaines\/wp-json\/wp\/v2\/categories?post=13070"},{"taxonomy":"post_tag","embeddable":true,"href":"https:\/\/www.ifbaiano.edu.br\/unidades\/santaines\/wp-json\/wp\/v2\/tags?post=13070"}],"curies":[{"name":"wp","href":"https:\/\/api.w.org\/{rel}","templated":true}]}}