{"id":13085,"date":"2020-01-17T11:53:21","date_gmt":"2020-01-17T14:53:21","guid":{"rendered":"http:\/\/www.ifbaiano.edu.br\/unidades\/santaines\/?p=13085"},"modified":"2020-01-17T12:02:56","modified_gmt":"2020-01-17T15:02:56","slug":"comunicado-volta-as-aulas","status":"publish","type":"post","link":"https:\/\/www.ifbaiano.edu.br\/unidades\/santaines\/comunicado-volta-as-aulas\/","title":{"rendered":"COMUNICADO: VOLTA \u00c0S AULAS"},"content":{"rendered":"\n<p>Diretoria Acad\u00eamica,<\/p>\n\n\n\n<p>Informa a toda comunidade acad\u00eamica, por quest\u00f5es de log\u00edstica do Campus, que <strong>O RETORNO DAS ATIVIDADES LETIVAS <\/strong> dos cursos integrados e subsequente, ocorrer\u00e1<strong> <\/strong>no dia<strong> 23\/01\/2020 (quinta-feira).<\/strong>  Os estudantes internos\u00a0ter\u00e3o acesso ao Campus no dia 22.01.2020, no turno vespertino.  <\/p>\n","protected":false},"excerpt":{"rendered":"<p>Diretoria Acad\u00eamica, Informa a toda comunidade acad\u00eamica, por quest\u00f5es de log\u00edstica do Campus, que O RETORNO DAS ATIVIDADES LETIVAS dos cursos integrados e subsequente, ocorrer\u00e1 no dia 23\/01\/2020 (quinta-feira). Os estudantes internos\u00a0ter\u00e3o acesso ao Campus no dia 22.01.2020, no turno vespertino.<\/p>\n","protected":false},"author":7,"featured_media":0,"comment_status":"closed","ping_status":"closed","sticky":false,"template":"","format":"standard","meta":[],"categories":[4,10,57],"tags":[],"_links":{"self":[{"href":"https:\/\/www.ifbaiano.edu.br\/unidades\/santaines\/wp-json\/wp\/v2\/posts\/13085"}],"collection":[{"href":"https:\/\/www.ifbaiano.edu.br\/unidades\/santaines\/wp-json\/wp\/v2\/posts"}],"about":[{"href":"https:\/\/www.ifbaiano.edu.br\/unidades\/santaines\/wp-json\/wp\/v2\/types\/post"}],"author":[{"embeddable":true,"href":"https:\/\/www.ifbaiano.edu.br\/unidades\/santaines\/wp-json\/wp\/v2\/users\/7"}],"replies":[{"embeddable":true,"href":"https:\/\/www.ifbaiano.edu.br\/unidades\/santaines\/wp-json\/wp\/v2\/comments?post=13085"}],"version-history":[{"count":3,"href":"https:\/\/www.ifbaiano.edu.br\/unidades\/santaines\/wp-json\/wp\/v2\/posts\/13085\/revisions"}],"predecessor-version":[{"id":13088,"href":"https:\/\/www.ifbaiano.edu.br\/unidades\/santaines\/wp-json\/wp\/v2\/posts\/13085\/revisions\/13088"}],"wp:attachment":[{"href":"https:\/\/www.ifbaiano.edu.br\/unidades\/santaines\/wp-json\/wp\/v2\/media?parent=13085"}],"wp:term":[{"taxonomy":"category","embeddable":true,"href":"https:\/\/www.ifbaiano.edu.br\/unidades\/santaines\/wp-json\/wp\/v2\/categories?post=13085"},{"taxonomy":"post_tag","embeddable":true,"href":"https:\/\/www.ifbaiano.edu.br\/unidades\/santaines\/wp-json\/wp\/v2\/tags?post=13085"}],"curies":[{"name":"wp","href":"https:\/\/api.w.org\/{rel}","templated":true}]}}