{"id":13094,"date":"2020-01-29T13:13:22","date_gmt":"2020-01-29T16:13:22","guid":{"rendered":"http:\/\/www.ifbaiano.edu.br\/unidades\/santaines\/?p=13094"},"modified":"2020-01-30T11:01:11","modified_gmt":"2020-01-30T14:01:11","slug":"campus-santa-ines-faz-selecao-para-cursos-de-qualificacao-profissional-na-modalidade-fic","status":"publish","type":"post","link":"https:\/\/www.ifbaiano.edu.br\/unidades\/santaines\/campus-santa-ines-faz-selecao-para-cursos-de-qualificacao-profissional-na-modalidade-fic\/","title":{"rendered":"Campus Santa In\u00eas faz sele\u00e7\u00e3o para cursos de Qualifica\u00e7\u00e3o Profissional, na modalidade FIC"},"content":{"rendered":"\n<p>Os Cursos de Forma\u00e7\u00e3o Inicial e Continuada \u2013 FIC ofertados pelo Instituto Federal de Educa\u00e7\u00e3o,   Ci\u00eancia   e  Tecnologia   Baiano   \u2013   IF   Baiano,   est\u00e3o   embasados   nos   princ\u00edpios estabelecidos pela legisla\u00e7\u00e3o vigente.<\/p>\n\n\n\n<p>A Forma\u00e7\u00e3o Inicial e Continuada \u2013 FIC consiste em cursos de qualifica\u00e7\u00e3o, de forma\u00e7\u00e3o e aperfei\u00e7oamento profissional, de curta dura\u00e7\u00e3o.<\/p>\n\n\n\n<p><strong>Todos os cursos s\u00e3o gratuitos e n\u00e3o possuem taxa de inscri\u00e7\u00e3o <\/strong><\/p>\n\n\n\n<p>Os cursos ofertados s\u00e3o os seguintes:<\/p>\n\n\n\n<ul><li>Operador de Computador &#8211; 02 turmas com 20 vagas cada  <\/li><li>Editor de Projeto Visual Gr\u00e1fico &#8211; 01 turma com 25 vagas<\/li><li>Aulas pr\u00e1ticas de viol\u00e3o &#8211; 03 turmas com 10 vagas cada<\/li><li>Introdu\u00e7\u00e3o ao Servi\u00e7o de Guia em Turismo Ecol\u00f3gico &#8211; 01 turma com 25 vagas<\/li><li>Inform\u00e1tica B\u00e1sica  &#8211; 02 turmas com 20 vagas cada<\/li><\/ul>\n\n\n\n<p>Para realizar a inscri\u00e7\u00e3o o candidato dever\u00e1 estar de acordo com o <strong><a href=\"http:\/\/www.ifbaiano.edu.br\/unidades\/santaines\/files\/2020\/01\/EDITAL-03-de-09.01.2020_FIC_2020.1_CSI-1.pdf\">Edital <\/a><\/strong>e atender as exig\u00eancias e requisitos preconizados por este. A manifesta\u00e7\u00e3o de interesse (dispon\u00edvel no Edital &#8211; Anexo II) do candidato implica na aceita\u00e7\u00e3o total das normas constantes neste Edital, em rela\u00e7\u00e3o \u00e0s quais n\u00e3o poder\u00e1 alegar seu desconhecimento. <\/p>\n\n\n\n<p>As inscri\u00e7\u00f5es ser\u00e3o realizadas presencialmente, <strong>no per\u00edodo de 18\/02\/2020 a 20\/02\/2020<\/strong>,  com aux\u00edlio de um servidor,  no IF Baiano, Campus Santa In\u00eas, BR-420, Zona Rural, DATA, das 8h \u00e0s 11h e das 14h \u00e0s 18h, na sala da Coordena\u00e7\u00e3o de Pesquisa e Extens\u00e3o, Pavilh\u00e3o Pedag\u00f3gico. <\/p>\n\n\n\n<p>A matr\u00edcula dever\u00e1 ser realizada, no mesmo dia da inscri\u00e7\u00e3o, no IF Baiano, Campus Santa In\u00eas, BR-420, Zona Rural, na sala da Secretaria de Registros Acad\u00eamicos (SRA), no Pavilh\u00e3o Pedag\u00f3gico, sendo vedada a realiza\u00e7\u00e3o via postal, fax e\/ou correio eletr\u00f4nico <\/p>\n\n\n\n<p><strong>O candidato deve realizar apenas uma inscri\u00e7\u00e3o. <\/strong><\/p>\n\n\n\n<p>A sele\u00e7\u00e3o dos candidatos aos cursos ofertados ser\u00e1 realizada por ordem de inscri\u00e7\u00e3o conforme <a href=\"http:\/\/www.ifbaiano.edu.br\/unidades\/urucuca\/files\/2019\/04\/RESOLU%C3%87%C3%83O-N%C2%BA-23-DE-19-DE-MAR%C3%87O-DE-2019-REGULAMENTO-DOS-CURSOS-FIC-NOVO.pdf\">Resolu\u00e7\u00e3o 23\/2019 CONSUP\/IF BAIANO<\/a>.   <\/p>\n\n\n\n<p>A listagem final dos candidatos matriculados em primeira chamada ser\u00e1 divulgada no s\u00edtio eletr\u00f4nico <a href=\"http:\/\/ifbaiano.edu.br\/portal\/concursos\/\"><strong>http:\/\/ifbaiano.edu.br\/portal\/concursos<\/strong><\/a>, conforme cronograma estabelecido no item 09 do edital. <\/p>\n\n\n\n<p>D\u00favidas   sobre   o   processo   dever\u00e3o   ser   encaminhadas   para   o   e-mail:fic@si.ifbaiano.edu.br. <\/p>\n","protected":false},"excerpt":{"rendered":"<p>As inscri\u00e7\u00f5es ser\u00e3o realizadas presencialmente, no per\u00edodo de 18\/02\/2020 a 20\/02\/2020<\/p>\n","protected":false},"author":86,"featured_media":0,"comment_status":"closed","ping_status":"closed","sticky":false,"template":"","format":"standard","meta":[],"categories":[4,10,8,57],"tags":[],"_links":{"self":[{"href":"https:\/\/www.ifbaiano.edu.br\/unidades\/santaines\/wp-json\/wp\/v2\/posts\/13094"}],"collection":[{"href":"https:\/\/www.ifbaiano.edu.br\/unidades\/santaines\/wp-json\/wp\/v2\/posts"}],"about":[{"href":"https:\/\/www.ifbaiano.edu.br\/unidades\/santaines\/wp-json\/wp\/v2\/types\/post"}],"author":[{"embeddable":true,"href":"https:\/\/www.ifbaiano.edu.br\/unidades\/santaines\/wp-json\/wp\/v2\/users\/86"}],"replies":[{"embeddable":true,"href":"https:\/\/www.ifbaiano.edu.br\/unidades\/santaines\/wp-json\/wp\/v2\/comments?post=13094"}],"version-history":[{"count":2,"href":"https:\/\/www.ifbaiano.edu.br\/unidades\/santaines\/wp-json\/wp\/v2\/posts\/13094\/revisions"}],"predecessor-version":[{"id":13099,"href":"https:\/\/www.ifbaiano.edu.br\/unidades\/santaines\/wp-json\/wp\/v2\/posts\/13094\/revisions\/13099"}],"wp:attachment":[{"href":"https:\/\/www.ifbaiano.edu.br\/unidades\/santaines\/wp-json\/wp\/v2\/media?parent=13094"}],"wp:term":[{"taxonomy":"category","embeddable":true,"href":"https:\/\/www.ifbaiano.edu.br\/unidades\/santaines\/wp-json\/wp\/v2\/categories?post=13094"},{"taxonomy":"post_tag","embeddable":true,"href":"https:\/\/www.ifbaiano.edu.br\/unidades\/santaines\/wp-json\/wp\/v2\/tags?post=13094"}],"curies":[{"name":"wp","href":"https:\/\/api.w.org\/{rel}","templated":true}]}}