{"id":13100,"date":"2020-01-30T11:00:10","date_gmt":"2020-01-30T14:00:10","guid":{"rendered":"http:\/\/www.ifbaiano.edu.br\/unidades\/santaines\/?p=13100"},"modified":"2020-01-30T15:28:29","modified_gmt":"2020-01-30T18:28:29","slug":"aprovados-no-if-baiano-via-sisu-tem-ate-terca-feira-04-para-realizar-matricula","status":"publish","type":"post","link":"https:\/\/www.ifbaiano.edu.br\/unidades\/santaines\/aprovados-no-if-baiano-via-sisu-tem-ate-terca-feira-04-para-realizar-matricula\/","title":{"rendered":"Aprovados no IF Baiano via Sisu t\u00eam at\u00e9 ter\u00e7a-feira (04) para realizar matr\u00edcula"},"content":{"rendered":"\n<p>Candidatos aprovados para os cursos de gradua\u00e7\u00e3o do IF Baiano via Sistema de Sele\u00e7\u00e3o Unificada (SiSU), t\u00eam at\u00e9 a pr\u00f3xima ter\u00e7a-feira, 04 de fevereiro, para efetuar matr\u00edcula. A lista com os nomes dos aprovados est\u00e1 dispon\u00edvel no&nbsp;<a href=\"https:\/\/sisu.mec.gov.br\/#\/#participar\">site do Sisu<\/a>&nbsp;desde o dia 28.<\/p>\n\n\n\n<p>A matr\u00edcula deve ser feita de forma presencial no&nbsp;<em>campus&nbsp;<\/em>do IF Baiano em que o candidato foi aprovado, no hor\u00e1rio de 07:30h \u00e0s 13:30h. Os endere\u00e7os dos&nbsp;<em>campi&nbsp;<\/em>podem ser encontrados no ANEXO II do<strong><a href=\"http:\/\/concurso.ifbaiano.edu.br\/portal\/sisu20201\/wp-content\/uploads\/sites\/315\/2020\/01\/Edital-Sisu-2020-Retificado.pdf\">&nbsp;Edital Sisu n\u00b010\/2020<\/a><\/strong>.<\/p>\n\n\n\n<p><strong>Lista de espera<\/strong>\u00a0\u2013 O prazo de 29 de janeiro a 04 de fevereiro tamb\u00e9m vale para os candidatos que n\u00e3o foram selecionados na chamada regular e que desejam manifestar interesse em constar na lista de espera dos cursos ofertados. A solicita\u00e7\u00e3o \u00e9 feita por meio do\u00a0<a href=\"https:\/\/sisu.mec.gov.br\/#\/#participar\">site do SiSU<\/a>. O candidato somente poder\u00e1 manifestar interesse em um dos cursos para o qual optou concorrer em sua inscri\u00e7\u00e3o.<\/p>\n\n\n\n<p>O IF Baiano est\u00e1 disponibilizando 740 vagas em cursos de gradua\u00e7\u00e3o no Sisu, para ingresso nos\u00a0<em>campi\u00a0<\/em>Uru\u00e7uca, Guanambi, Catu, Santa In\u00eas, Senhor do Bonfim, Serrinha, Teixeira de Freitas e Bom Jesus da Lapa.<\/p>\n\n\n\n<p>D\u00favidas ser\u00e3o respondidas pela Pr\u00f3-Reitoria de Ensino do IF Baiano. A solicita\u00e7\u00e3o pode ser enviada para o e-mail&nbsp;<a href=\"mailto:ingressos@ifbaiano.edu.br\">ingressos@ifbaiano.edu.br<\/a>.<\/p>\n\n\n\n<p>Mais informa\u00e7\u00f5es&nbsp;<a href=\"http:\/\/concurso.ifbaiano.edu.br\/portal\/sisu20201\/\">aqui<\/a>.<\/p>\n","protected":false},"excerpt":{"rendered":"<p>Matr\u00edculas ser\u00e3o realizadas no per\u00edodo de 29 de janeiro a 04 de fevereiro de 2020.<\/p>\n","protected":false},"author":86,"featured_media":0,"comment_status":"closed","ping_status":"closed","sticky":false,"template":"","format":"standard","meta":[],"categories":[4,12,10,8,57],"tags":[],"_links":{"self":[{"href":"https:\/\/www.ifbaiano.edu.br\/unidades\/santaines\/wp-json\/wp\/v2\/posts\/13100"}],"collection":[{"href":"https:\/\/www.ifbaiano.edu.br\/unidades\/santaines\/wp-json\/wp\/v2\/posts"}],"about":[{"href":"https:\/\/www.ifbaiano.edu.br\/unidades\/santaines\/wp-json\/wp\/v2\/types\/post"}],"author":[{"embeddable":true,"href":"https:\/\/www.ifbaiano.edu.br\/unidades\/santaines\/wp-json\/wp\/v2\/users\/86"}],"replies":[{"embeddable":true,"href":"https:\/\/www.ifbaiano.edu.br\/unidades\/santaines\/wp-json\/wp\/v2\/comments?post=13100"}],"version-history":[{"count":2,"href":"https:\/\/www.ifbaiano.edu.br\/unidades\/santaines\/wp-json\/wp\/v2\/posts\/13100\/revisions"}],"predecessor-version":[{"id":13103,"href":"https:\/\/www.ifbaiano.edu.br\/unidades\/santaines\/wp-json\/wp\/v2\/posts\/13100\/revisions\/13103"}],"wp:attachment":[{"href":"https:\/\/www.ifbaiano.edu.br\/unidades\/santaines\/wp-json\/wp\/v2\/media?parent=13100"}],"wp:term":[{"taxonomy":"category","embeddable":true,"href":"https:\/\/www.ifbaiano.edu.br\/unidades\/santaines\/wp-json\/wp\/v2\/categories?post=13100"},{"taxonomy":"post_tag","embeddable":true,"href":"https:\/\/www.ifbaiano.edu.br\/unidades\/santaines\/wp-json\/wp\/v2\/tags?post=13100"}],"curies":[{"name":"wp","href":"https:\/\/api.w.org\/{rel}","templated":true}]}}