{"id":13104,"date":"2020-02-04T10:09:17","date_gmt":"2020-02-04T13:09:17","guid":{"rendered":"http:\/\/www.ifbaiano.edu.br\/unidades\/santaines\/?p=13104"},"modified":"2020-02-04T10:21:16","modified_gmt":"2020-02-04T13:21:16","slug":"publicado-a-lista-de-estudantes-aptos-a-colarem-grau","status":"publish","type":"post","link":"https:\/\/www.ifbaiano.edu.br\/unidades\/santaines\/publicado-a-lista-de-estudantes-aptos-a-colarem-grau\/","title":{"rendered":"Campus Santa In\u00eas publica lista de estudantes dos cursos superiores aptos a colarem grau"},"content":{"rendered":"\n<p>A Outorga de Grau, denominada Cola\u00e7\u00e3o de Grau, \u00e9 um ato oficial, p\u00fablico e obrigat\u00f3rio, por meio do qual o discente concluinte do Curso de Gradua\u00e7\u00e3o, recebe o grau ao qual tem direito por concluir o Curso Superior. Em nenhuma hip\u00f3tese, a Outorga de Grau \u00e9 dispensada, sendo pr\u00e9-requisito para emiss\u00e3o e registro do Diploma, a qual n\u00e3o pode incorrer em deslizes protocolares.<\/p>\n\n\n\n<p>O <strong><a href=\"http:\/\/www.ifbaiano.edu.br\/unidades\/santaines\/files\/2017\/06\/16.-Regulamento-de-Conclus%C3%A3o-dos-Cursos-Superiores.pdf\">Regulamento de conclus\u00e3o dos Cursos de Gradua\u00e7\u00e3o<\/a><\/strong> do IF Baiano Campus Santa In\u00eas estabelece as diretrizes necess\u00e1rias para integraliza\u00e7\u00e3o dos Cursos de Gradua\u00e7\u00e3o do IF Baiano Campus Santa In\u00eas e Outorga de Grau, estando de acordo com a Organiza\u00e7\u00e3o Did\u00e1tica dos Cursos da Educa\u00e7\u00e3o Superior do IF Baiano, os Projetos Pedag\u00f3gicos dos Cursos, o Guia de Eventos, Cerimonial e Protocolo da Rede Federal de Educa\u00e7\u00e3o Profissional e Tecnol\u00f3gica (SETEC\/MEC 2010) e os Procedimentos para Cerim\u00f4nias de Formaturas ou Cola\u00e7\u00e3o de Grau do IF Baiano. <\/p>\n\n\n\n<p><strong>Para acesso a lista de estudantes aptos \u00e0 cola\u00e7\u00e3o de grau<\/strong> <strong><a href=\"http:\/\/www.ifbaiano.edu.br\/unidades\/santaines\/files\/2020\/02\/COLACAO-DE-GRAU.pdf\">CLIQUE AQUI<\/a><\/strong>.<\/p>\n\n\n\n<p>Em caso de d\u00favida, o estudante deve procurar a Secretaria de Registros Acad\u00eamicos (SRA) ou a Coordena\u00e7\u00e3o de Curso.<\/p>\n","protected":false},"excerpt":{"rendered":"<p>A Outorga de Grau, denominada Cola\u00e7\u00e3o de Grau, \u00e9 um ato oficial, p\u00fablico e obrigat\u00f3rio, por meio do qual o discente concluinte do Curso de Gradua\u00e7\u00e3o, recebe o grau ao qual tem direito por concluir o Curso Superior. Em nenhuma hip\u00f3tese, a Outorga de Grau \u00e9 dispensada, sendo pr\u00e9-requisito para emiss\u00e3o e registro do Diploma, [&hellip;]<\/p>\n","protected":false},"author":7,"featured_media":0,"comment_status":"closed","ping_status":"closed","sticky":false,"template":"","format":"standard","meta":[],"categories":[12,57],"tags":[],"_links":{"self":[{"href":"https:\/\/www.ifbaiano.edu.br\/unidades\/santaines\/wp-json\/wp\/v2\/posts\/13104"}],"collection":[{"href":"https:\/\/www.ifbaiano.edu.br\/unidades\/santaines\/wp-json\/wp\/v2\/posts"}],"about":[{"href":"https:\/\/www.ifbaiano.edu.br\/unidades\/santaines\/wp-json\/wp\/v2\/types\/post"}],"author":[{"embeddable":true,"href":"https:\/\/www.ifbaiano.edu.br\/unidades\/santaines\/wp-json\/wp\/v2\/users\/7"}],"replies":[{"embeddable":true,"href":"https:\/\/www.ifbaiano.edu.br\/unidades\/santaines\/wp-json\/wp\/v2\/comments?post=13104"}],"version-history":[{"count":10,"href":"https:\/\/www.ifbaiano.edu.br\/unidades\/santaines\/wp-json\/wp\/v2\/posts\/13104\/revisions"}],"predecessor-version":[{"id":13157,"href":"https:\/\/www.ifbaiano.edu.br\/unidades\/santaines\/wp-json\/wp\/v2\/posts\/13104\/revisions\/13157"}],"wp:attachment":[{"href":"https:\/\/www.ifbaiano.edu.br\/unidades\/santaines\/wp-json\/wp\/v2\/media?parent=13104"}],"wp:term":[{"taxonomy":"category","embeddable":true,"href":"https:\/\/www.ifbaiano.edu.br\/unidades\/santaines\/wp-json\/wp\/v2\/categories?post=13104"},{"taxonomy":"post_tag","embeddable":true,"href":"https:\/\/www.ifbaiano.edu.br\/unidades\/santaines\/wp-json\/wp\/v2\/tags?post=13104"}],"curies":[{"name":"wp","href":"https:\/\/api.w.org\/{rel}","templated":true}]}}