{"id":13158,"date":"2020-02-05T15:34:00","date_gmt":"2020-02-05T18:34:00","guid":{"rendered":"http:\/\/www.ifbaiano.edu.br\/unidades\/santaines\/?p=13158"},"modified":"2020-02-06T11:24:21","modified_gmt":"2020-02-06T14:24:21","slug":"if-baiano-publica-edital-para-preenchimento-de-vagas-residuais-do-processo-seletivo-para-ingresso-de-estudantes-em-2020-na-modalidade-integrado","status":"publish","type":"post","link":"https:\/\/www.ifbaiano.edu.br\/unidades\/santaines\/if-baiano-publica-edital-para-preenchimento-de-vagas-residuais-do-processo-seletivo-para-ingresso-de-estudantes-em-2020-na-modalidade-integrado\/","title":{"rendered":"IF Baiano publica Edital para preenchimento de vagas residuais do Processo Seletivo para Ingresso de Estudantes em 2020 na modalidade Integrado"},"content":{"rendered":"\n<p>O preenchimento das vagas residuais ser\u00e1 por meio de Chamada Livre de Manifesta\u00e7\u00e3o de Interesse na vaga, realizada presencialmente, dia 06\/02\/2020.  O Campus Santa In\u00eas est\u00e1 disponibilizando 19 vagas no Curso T\u00e9cnico em Alimentos.  <\/p>\n\n\n\n<p>No campus Santa In\u00eas, o candidato dever\u00e1 estar no audit\u00f3rio da Biblioteca do Campus, impreterivelmente, as 08h30min.  Sugere-se que os candidatos ou seus representantes cheguem ao campus com 30 minutos de anteced\u00eancia ao hor\u00e1rio previsto para a chamada, pois n\u00e3o ser\u00e1 permitida a entrada ap\u00f3s o in\u00edcio.  <\/p>\n\n\n\n<p>Poder\u00e3o participar da Chamada Livre de Manifesta\u00e7\u00e3o de interesse na vaga o candidato que atingiu a maioridade ou seu respons\u00e1vel legal (quando menor) ou por procurador legalmente constitu\u00eddo. <\/p>\n\n\n\n<p>Na chamada, o candidato poder\u00e1 ser representado por terceiro, desde que o mesmo esteja portando procura\u00e7\u00e3o simples acompanhada do documento original de identifica\u00e7\u00e3o do(a) procurador(a) e original ou c\u00f3pia autenticada do documento de identifica\u00e7\u00e3o do(a) candidato(a). Essa procura\u00e7\u00e3o poder\u00e1 ser particular.<\/p>\n\n\n\n<p>Para acessar o<strong><a href=\"http:\/\/concurso.ifbaiano.edu.br\/portal\/ingresso-de-estudantes-2020\/wp-content\/uploads\/sites\/299\/2020\/02\/Edital-de-Manifesta%C3%A7%C3%A3o-de-Interesse-Integrado.pdf\"> EDITAL CLIQUE AQUI<\/a><\/strong>.<\/p>\n\n\n\n<p>Todas as informa\u00e7\u00f5es referentes a este Processo Seletivo est\u00e3o disponibilizadas na p\u00e1gina de <strong><a href=\"http:\/\/concurso.ifbaiano.edu.br\/portal\/ingresso-de-estudantes-2020\/\">INGRESSO DE ESTUDANTES 2020<\/a><\/strong><\/p>\n\n\n\n<p><\/p>\n","protected":false},"excerpt":{"rendered":"<p>A manifesta\u00e7\u00e3o de Interesse na vaga ser\u00e1 realizada presencialmente, dia 06\/02\/2020, \u00e0s 08h30min, no audit\u00f3rio da Biblioteca do Campus<\/p>\n","protected":false},"author":86,"featured_media":12605,"comment_status":"closed","ping_status":"closed","sticky":false,"template":"","format":"standard","meta":[],"categories":[4,13,10,8,57],"tags":[],"_links":{"self":[{"href":"https:\/\/www.ifbaiano.edu.br\/unidades\/santaines\/wp-json\/wp\/v2\/posts\/13158"}],"collection":[{"href":"https:\/\/www.ifbaiano.edu.br\/unidades\/santaines\/wp-json\/wp\/v2\/posts"}],"about":[{"href":"https:\/\/www.ifbaiano.edu.br\/unidades\/santaines\/wp-json\/wp\/v2\/types\/post"}],"author":[{"embeddable":true,"href":"https:\/\/www.ifbaiano.edu.br\/unidades\/santaines\/wp-json\/wp\/v2\/users\/86"}],"replies":[{"embeddable":true,"href":"https:\/\/www.ifbaiano.edu.br\/unidades\/santaines\/wp-json\/wp\/v2\/comments?post=13158"}],"version-history":[{"count":1,"href":"https:\/\/www.ifbaiano.edu.br\/unidades\/santaines\/wp-json\/wp\/v2\/posts\/13158\/revisions"}],"predecessor-version":[{"id":13159,"href":"https:\/\/www.ifbaiano.edu.br\/unidades\/santaines\/wp-json\/wp\/v2\/posts\/13158\/revisions\/13159"}],"wp:featuredmedia":[{"embeddable":true,"href":"https:\/\/www.ifbaiano.edu.br\/unidades\/santaines\/wp-json\/wp\/v2\/media\/12605"}],"wp:attachment":[{"href":"https:\/\/www.ifbaiano.edu.br\/unidades\/santaines\/wp-json\/wp\/v2\/media?parent=13158"}],"wp:term":[{"taxonomy":"category","embeddable":true,"href":"https:\/\/www.ifbaiano.edu.br\/unidades\/santaines\/wp-json\/wp\/v2\/categories?post=13158"},{"taxonomy":"post_tag","embeddable":true,"href":"https:\/\/www.ifbaiano.edu.br\/unidades\/santaines\/wp-json\/wp\/v2\/tags?post=13158"}],"curies":[{"name":"wp","href":"https:\/\/api.w.org\/{rel}","templated":true}]}}