{"id":13160,"date":"2020-02-07T12:13:00","date_gmt":"2020-02-07T15:13:00","guid":{"rendered":"http:\/\/www.ifbaiano.edu.br\/unidades\/santaines\/?p=13160"},"modified":"2020-02-10T11:46:39","modified_gmt":"2020-02-10T14:46:39","slug":"publicado-edital-para-preenchimento-de-vagas-remanescentes-para-o-curso-tecnico-em-informatica-por-meio-de-manifestacao-de-interesse-na-vaga","status":"publish","type":"post","link":"https:\/\/www.ifbaiano.edu.br\/unidades\/santaines\/publicado-edital-para-preenchimento-de-vagas-remanescentes-para-o-curso-tecnico-em-informatica-por-meio-de-manifestacao-de-interesse-na-vaga\/","title":{"rendered":"Publicado Edital para preenchimento de vagas remanescentes para o Curso T\u00e9cnico em Inform\u00e1tica"},"content":{"rendered":"\n<p>O Edital publicado \u00e9 para preenchimento de vagas remanescentes referentes aos cursos Subsequentes ofertadas no Edital n\u00ba 109, de 26 de agosto de 2019 e suas retifica\u00e7\u00f5es. O Campus Santa In\u00eas disponibiliza 58 vagas para o Curso T\u00e9cnico em Inform\u00e1tica. S\u00e3o duas turmas: 28 vagas para o turno matutino e 30 vagas para o per\u00edodo vespertino.<\/p>\n\n\n\n<p>Os cursos T\u00e9cnicos de N\u00edvel M\u00e9dio na forma SUBSEQUENTE s\u00e3o destinados aos candidatos que j\u00e1 conclu\u00edram o Ensino M\u00e9dio. Poder\u00e3o participar da Chamada Livre de Manifesta\u00e7\u00e3o de interesse na vaga o candidato que atingiu a maioridade ou seu respons\u00e1vel legal (quando menor) ou por procurador legalmente constitu\u00eddo.  <\/p>\n\n\n\n<p>Para a realiza\u00e7\u00e3o da matr\u00edcula, \u00e9 imprescind\u00edvel que o candidato e\/ou seu representante compare\u00e7a no dia e hor\u00e1rio estabelecido para a Chamada  Livre de Manifesta\u00e7\u00e3o de Interesse na vaga, portando toda a documenta\u00e7\u00e3o necess\u00e1ria conforme Edital, sob pena de n\u00e3o poder ocupar a vaga.   <\/p>\n\n\n\n<p>A sele\u00e7\u00e3o ser\u00e1 realizada mediante manifesta\u00e7\u00e3o presencial de interesse na vaga por meio de preenchimento da declara\u00e7\u00e3o dispon\u00edvel no Edital (ANEXO II), diretamente no campus. A classifica\u00e7\u00e3o e sele\u00e7\u00e3o dos candidatos dar-se-\u00e1 por meio de ordem de chegada, mediante distribui\u00e7\u00e3o de senha, durante o per\u00edodo compreendido entre 10 e 12 de fevereiro de 2020, no hor\u00e1rio de 08h \u00e0s 13h, no IF Baiano campus Santa In\u00eas.<\/p>\n\n\n\n<p>\u00c9 da responsabilidade exclusiva do candidato a observ\u00e2ncia dos procedimentos e prazos estabelecidos no Edital, bem como a apresenta\u00e7\u00e3o dos documentos exigidos para a matr\u00edcula.<\/p>\n\n\n\n<p>A manifesta\u00e7\u00e3o de interesse do candidato implica a aceita\u00e7\u00e3o total das normas constantes neste Edital, sobre as quais n\u00e3o poder\u00e1 alegar desconhecimento.  <\/p>\n\n\n\n<p>Para acessar o <strong><a href=\"http:\/\/www.ifbaiano.edu.br\/unidades\/santaines\/files\/2020\/02\/Edital-de-Vagas-Remanecentes-Subsequente.pdf\">EDITAL CLIQUE AQUI<\/a><\/strong>.<\/p>\n\n\n\n<p>Todas as informa\u00e7\u00f5es referentes a este Processo Seletivo est\u00e3o disponibilizadas na p\u00e1gina de&nbsp;<strong><a href=\"http:\/\/concurso.ifbaiano.edu.br\/portal\/ingresso-de-estudantes-2020\/\">INGRESSO DE ESTUDANTES 2020<\/a><\/strong><\/p>\n\n\n\n<p><br><\/p>\n\n\n\n<p>  <br><\/p>\n","protected":false},"excerpt":{"rendered":"<p>Interessados devem comparecer no per\u00edodo compreendido entre 10 e 12 de fevereiro de 2020, no hor\u00e1rio de 08h \u00e0s 13h, no IF Baiano campus Santa In\u00eas<\/p>\n","protected":false},"author":86,"featured_media":12605,"comment_status":"closed","ping_status":"closed","sticky":false,"template":"","format":"standard","meta":[],"categories":[4,13,10,8,57],"tags":[],"_links":{"self":[{"href":"https:\/\/www.ifbaiano.edu.br\/unidades\/santaines\/wp-json\/wp\/v2\/posts\/13160"}],"collection":[{"href":"https:\/\/www.ifbaiano.edu.br\/unidades\/santaines\/wp-json\/wp\/v2\/posts"}],"about":[{"href":"https:\/\/www.ifbaiano.edu.br\/unidades\/santaines\/wp-json\/wp\/v2\/types\/post"}],"author":[{"embeddable":true,"href":"https:\/\/www.ifbaiano.edu.br\/unidades\/santaines\/wp-json\/wp\/v2\/users\/86"}],"replies":[{"embeddable":true,"href":"https:\/\/www.ifbaiano.edu.br\/unidades\/santaines\/wp-json\/wp\/v2\/comments?post=13160"}],"version-history":[{"count":3,"href":"https:\/\/www.ifbaiano.edu.br\/unidades\/santaines\/wp-json\/wp\/v2\/posts\/13160\/revisions"}],"predecessor-version":[{"id":13178,"href":"https:\/\/www.ifbaiano.edu.br\/unidades\/santaines\/wp-json\/wp\/v2\/posts\/13160\/revisions\/13178"}],"wp:featuredmedia":[{"embeddable":true,"href":"https:\/\/www.ifbaiano.edu.br\/unidades\/santaines\/wp-json\/wp\/v2\/media\/12605"}],"wp:attachment":[{"href":"https:\/\/www.ifbaiano.edu.br\/unidades\/santaines\/wp-json\/wp\/v2\/media?parent=13160"}],"wp:term":[{"taxonomy":"category","embeddable":true,"href":"https:\/\/www.ifbaiano.edu.br\/unidades\/santaines\/wp-json\/wp\/v2\/categories?post=13160"},{"taxonomy":"post_tag","embeddable":true,"href":"https:\/\/www.ifbaiano.edu.br\/unidades\/santaines\/wp-json\/wp\/v2\/tags?post=13160"}],"curies":[{"name":"wp","href":"https:\/\/api.w.org\/{rel}","templated":true}]}}