{"id":13173,"date":"2020-02-07T11:51:15","date_gmt":"2020-02-07T14:51:15","guid":{"rendered":"http:\/\/www.ifbaiano.edu.br\/unidades\/santaines\/?p=13173"},"modified":"2020-02-11T09:05:43","modified_gmt":"2020-02-11T12:05:43","slug":"campus-santa-ines-lanca-edital-de-programa-de-assistencia-estudantil","status":"publish","type":"post","link":"https:\/\/www.ifbaiano.edu.br\/unidades\/santaines\/campus-santa-ines-lanca-edital-de-programa-de-assistencia-estudantil\/","title":{"rendered":"Campus Santa In\u00eas lan\u00e7a edital de Resid\u00eancia estudantil"},"content":{"rendered":"\n<p>A Coordena\u00e7\u00e3o de Assuntos Estudantis (CAE) do IF Baiano <em>Campus<\/em> Santa In\u00eas, abriu Edital de Processo Seletivo para a Resid\u00eancia Estudantil 2020. O Edital estabelece as normas e crit\u00e9rios para a sele\u00e7\u00e3o de estudantes interessados nas vagas para moradia interna, em Regime de Internato Pleno (RIP)<em>,<\/em> no ano letivo de 2020.<\/p>\n\n\n\n<p>A Resid\u00eancia Estudantil integra a Pol\u00edtica de Assist\u00eancia Estudantil do IF Baiano e destina-se aos estudantes regularmente matriculados, com renda de at\u00e9 um sal\u00e1rio-m\u00ednimo e meio per capita.  Consiste em viabilizar a perman\u00eancia integral de estudantes que v\u00eam de outro Estado, munic\u00edpio de dif\u00edcil acesso ao <em>Campus, <\/em>ou zona rural, podendo atender a ambos os sexos; adolescentes na idade entre 13 e 17 anos que estejam em situa\u00e7\u00e3o de vulnerabilidade socioecon\u00f4mica.<\/p>\n\n\n\n<p>Ser\u00e3o considerados inscritos os estudantes que, no ato da matr\u00edcula institucional, apresentaram o Requerimento da Resid\u00eancia estudantil e tamb\u00e9m o question\u00e1rio de avalia\u00e7\u00e3o socioecon\u00f4mica preenchidos.<\/p>\n\n\n\n<p>Os estudantes ser\u00e3o avaliados a partir de entrevista social, com o Assistente Social, que ocorrer\u00e1 na resid\u00eancia do candidato. As entrevistas sociais ser\u00e3o realizadas conforme <strong><a href=\"http:\/\/www.ifbaiano.edu.br\/unidades\/santaines\/files\/2020\/02\/Roteiro-de-visitas-domiciliares.pdf\">cronograma<\/a><\/strong>.  <\/p>\n\n\n\n<p>Ser\u00e3o disponibilizadas 38 vagas para resid\u00eancia estudantil masculina e 49 vagas para  resid\u00eancia estudantil feminina.<\/p>\n\n\n\n<p>Todas as informa\u00e7\u00f5es referentes \u00e0 sele\u00e7\u00e3o bem como demais procedimentos est\u00e3o disponibilizados no <strong><a href=\"http:\/\/www.ifbaiano.edu.br\/unidades\/santaines\/files\/2020\/02\/EDITAL-2020-Residencia-Estudantil-Santa-Ines.pdf\">Edital que pode ser acessado AQUI <\/a><\/strong><\/p>\n\n\n\n<p><\/p>\n","protected":false},"excerpt":{"rendered":"<p>As inscri\u00e7\u00f5es acontecem no N\u00facleo de Apoio Pedag\u00f3gico e Psicossocial  (NAPSI) ou na Coordena\u00e7\u00e3o de Assuntos Estudantis (CAE).<\/p>\n","protected":false},"author":86,"featured_media":0,"comment_status":"closed","ping_status":"closed","sticky":false,"template":"","format":"standard","meta":[],"categories":[4,38,13,10,57],"tags":[],"_links":{"self":[{"href":"https:\/\/www.ifbaiano.edu.br\/unidades\/santaines\/wp-json\/wp\/v2\/posts\/13173"}],"collection":[{"href":"https:\/\/www.ifbaiano.edu.br\/unidades\/santaines\/wp-json\/wp\/v2\/posts"}],"about":[{"href":"https:\/\/www.ifbaiano.edu.br\/unidades\/santaines\/wp-json\/wp\/v2\/types\/post"}],"author":[{"embeddable":true,"href":"https:\/\/www.ifbaiano.edu.br\/unidades\/santaines\/wp-json\/wp\/v2\/users\/86"}],"replies":[{"embeddable":true,"href":"https:\/\/www.ifbaiano.edu.br\/unidades\/santaines\/wp-json\/wp\/v2\/comments?post=13173"}],"version-history":[{"count":4,"href":"https:\/\/www.ifbaiano.edu.br\/unidades\/santaines\/wp-json\/wp\/v2\/posts\/13173\/revisions"}],"predecessor-version":[{"id":13198,"href":"https:\/\/www.ifbaiano.edu.br\/unidades\/santaines\/wp-json\/wp\/v2\/posts\/13173\/revisions\/13198"}],"wp:attachment":[{"href":"https:\/\/www.ifbaiano.edu.br\/unidades\/santaines\/wp-json\/wp\/v2\/media?parent=13173"}],"wp:term":[{"taxonomy":"category","embeddable":true,"href":"https:\/\/www.ifbaiano.edu.br\/unidades\/santaines\/wp-json\/wp\/v2\/categories?post=13173"},{"taxonomy":"post_tag","embeddable":true,"href":"https:\/\/www.ifbaiano.edu.br\/unidades\/santaines\/wp-json\/wp\/v2\/tags?post=13173"}],"curies":[{"name":"wp","href":"https:\/\/api.w.org\/{rel}","templated":true}]}}