{"id":13180,"date":"2020-02-10T11:37:00","date_gmt":"2020-02-10T14:37:00","guid":{"rendered":"http:\/\/www.ifbaiano.edu.br\/unidades\/santaines\/?p=13180"},"modified":"2020-02-10T11:45:49","modified_gmt":"2020-02-10T14:45:49","slug":"campus-santa-ines-divulga-resultado-preliminar-do-processo-seletivo-para-professor-substituto","status":"publish","type":"post","link":"https:\/\/www.ifbaiano.edu.br\/unidades\/santaines\/campus-santa-ines-divulga-resultado-preliminar-do-processo-seletivo-para-professor-substituto\/","title":{"rendered":"Campus Santa In\u00eas divulga resultado preliminar do Processo Seletivo para Professor Substituto"},"content":{"rendered":"\n<figure class=\"wp-block-image size-large\"><img decoding=\"async\" loading=\"lazy\" width=\"1077\" height=\"781\" src=\"http:\/\/www.ifbaiano.edu.br\/unidades\/santaines\/files\/2020\/02\/Sem-t\u00edtulo.jpg\" alt=\"\" class=\"wp-image-13181\" \/><\/figure>\n\n\n\n<p>O Processo Seletivo simplificado para contrata\u00e7\u00e3o de Professor Substituto  tem como objeto selecionar candidato para o preenchimento de cargo de Professor Substituto da categoria funcional de Professor de Ensino B\u00e1sico, T\u00e9cnico e Tecnol\u00f3gico, Classe DI, N\u00edvel 01, do Quadro Tempor\u00e1rio de Pessoal do Instituto Federal de Educa\u00e7\u00e3o, Ci\u00eancia e Tecnologia Baiano, com exerc\u00edcio no Campus Santa In\u00eas. <\/p>\n\n\n\n<p>Esta sele\u00e7\u00e3o foi destinada para as \u00e1reas de Filosofia e Qu\u00edmica. Para acesso ao resultado preliminar <strong><a href=\"http:\/\/concurso.ifbaiano.edu.br\/portal\/substituto-santa-ines-novembro-2019\/\">CLIQUE AQUI<\/a><\/strong>. Conforme previsto no Edital, todas as publica\u00e7\u00f5es referentes ao referido Processo seletivo est\u00e3o dispon\u00edveis no link <a rel=\"noreferrer noopener\" href=\"http:\/\/concurso.ifbaiano.edu.br\" target=\"_blank\">http:\/\/concurso.ifbaiano.edu.br<\/a>, onde, tamb\u00e9m, est\u00e3o disponibilizadas todas as publica\u00e7\u00f5es referentes a concursos e sele\u00e7\u00f5es que acontecem no IF baiano.<\/p>\n\n\n\n<p>O referido resultado tem rela\u00e7\u00e3o com os tr\u00e2mites associados ao Edital n\u00ba 136, de 12 de novembro de 2019. <\/p>\n","protected":false},"excerpt":{"rendered":"<p>O Processo Seletivo simplificado para contrata\u00e7\u00e3o de Professor Substituto tem como objeto selecionar candidato para o preenchimento de cargo de Professor Substituto da categoria funcional de Professor de Ensino B\u00e1sico, T\u00e9cnico e Tecnol\u00f3gico, Classe DI, N\u00edvel 01, do Quadro Tempor\u00e1rio de Pessoal do Instituto Federal de Educa\u00e7\u00e3o, Ci\u00eancia e Tecnologia Baiano, com exerc\u00edcio no Campus [&hellip;]<\/p>\n","protected":false},"author":86,"featured_media":13181,"comment_status":"closed","ping_status":"closed","sticky":false,"template":"","format":"standard","meta":[],"categories":[4,6,10,8,57],"tags":[],"_links":{"self":[{"href":"https:\/\/www.ifbaiano.edu.br\/unidades\/santaines\/wp-json\/wp\/v2\/posts\/13180"}],"collection":[{"href":"https:\/\/www.ifbaiano.edu.br\/unidades\/santaines\/wp-json\/wp\/v2\/posts"}],"about":[{"href":"https:\/\/www.ifbaiano.edu.br\/unidades\/santaines\/wp-json\/wp\/v2\/types\/post"}],"author":[{"embeddable":true,"href":"https:\/\/www.ifbaiano.edu.br\/unidades\/santaines\/wp-json\/wp\/v2\/users\/86"}],"replies":[{"embeddable":true,"href":"https:\/\/www.ifbaiano.edu.br\/unidades\/santaines\/wp-json\/wp\/v2\/comments?post=13180"}],"version-history":[{"count":2,"href":"https:\/\/www.ifbaiano.edu.br\/unidades\/santaines\/wp-json\/wp\/v2\/posts\/13180\/revisions"}],"predecessor-version":[{"id":13183,"href":"https:\/\/www.ifbaiano.edu.br\/unidades\/santaines\/wp-json\/wp\/v2\/posts\/13180\/revisions\/13183"}],"wp:featuredmedia":[{"embeddable":true,"href":"https:\/\/www.ifbaiano.edu.br\/unidades\/santaines\/wp-json\/wp\/v2\/media\/13181"}],"wp:attachment":[{"href":"https:\/\/www.ifbaiano.edu.br\/unidades\/santaines\/wp-json\/wp\/v2\/media?parent=13180"}],"wp:term":[{"taxonomy":"category","embeddable":true,"href":"https:\/\/www.ifbaiano.edu.br\/unidades\/santaines\/wp-json\/wp\/v2\/categories?post=13180"},{"taxonomy":"post_tag","embeddable":true,"href":"https:\/\/www.ifbaiano.edu.br\/unidades\/santaines\/wp-json\/wp\/v2\/tags?post=13180"}],"curies":[{"name":"wp","href":"https:\/\/api.w.org\/{rel}","templated":true}]}}