{"id":13187,"date":"2020-02-10T16:35:46","date_gmt":"2020-02-10T19:35:46","guid":{"rendered":"http:\/\/www.ifbaiano.edu.br\/unidades\/santaines\/?p=13187"},"modified":"2020-02-10T16:35:46","modified_gmt":"2020-02-10T19:35:46","slug":"campus-santa-ines-da-boas-vindas-aos-seus-estudantes-do-curso-de-bacharelado-em-zootecnia","status":"publish","type":"post","link":"https:\/\/www.ifbaiano.edu.br\/unidades\/santaines\/campus-santa-ines-da-boas-vindas-aos-seus-estudantes-do-curso-de-bacharelado-em-zootecnia\/","title":{"rendered":"Campus Santa In\u00eas d\u00e1 boas-vindas aos seus estudantes do Curso de Bacharelado em Zootecnia"},"content":{"rendered":"\n<figure class=\"wp-block-image size-large\"><img decoding=\"async\" loading=\"lazy\" width=\"800\" height=\"533\" src=\"http:\/\/www.ifbaiano.edu.br\/unidades\/santaines\/files\/2020\/02\/DSC_1545.jpg\" alt=\"\" class=\"wp-image-13189\" \/><\/figure>\n\n\n\n<p>A aula inaugural do Curso de Bacharelado em Zootecnia, do Campus Santa In\u00eas, aconteceu hoje, no audit\u00f3rio da Biblioteca. Foram recepcionados estudantes ingressantes do curso, vindo de v\u00e1rios lugares da Bahia e outros estados, como Minas Gerais e S\u00e3o Paulo. <\/p>\n\n\n\n<p>O evento contou com a participa\u00e7\u00e3o do Coordenador do Curso, Prof Guilherme Nascimento, a Diretora Acad\u00eamica, Viviane Leporace;  o Diretor Administrativo Substituto, Luciano Lemos; Ros\u00e2ngela Rodrigues, representando o N\u00facleo de Apoio ao Processo de Ensino-Aprendizagem, Perman\u00eancia e Exito do educando- NAPEA; o Diret\u00f3rio Acad\u00eamico do Curso e discentes veteranos. <\/p>\n\n\n\n<p>O evento foi uma oportunidade para os representantes do Campus darem as boas-vindas aos rec\u00e9m-chegados, falar sobre as expectativas com o in\u00edcio das atividades e sobre a institui\u00e7\u00e3o, seus setores e procedimentos, bem como, apresentar o curso de Bacharelado em Zootecnia e as diversas \u00e1reas de atua\u00e7\u00e3o do profissional Zootecnista.<\/p>\n\n\n\n<p>Durante a apresenta\u00e7\u00e3o do curso, o coordenador, Prof Guilherme Nascimento, apresentou tamb\u00e9m um v\u00eddeo enviado pelo Presidente da  Associa\u00e7\u00e3o Brasileira de Zootecnistas &#8211; ABZ, Marinaldo Ribeiro, dando boas-vindas aos estudantes ingressantes no curso de Bacharelado em Zootecnia. <\/p>\n\n\n\n<p><\/p>\n\n\n\n<figure class=\"wp-block-gallery columns-3 is-cropped wp-block-gallery-1 is-layout-flex\"><ul class=\"blocks-gallery-grid\"><li class=\"blocks-gallery-item\"><figure><img decoding=\"async\" loading=\"lazy\" width=\"800\" height=\"533\" src=\"http:\/\/www.ifbaiano.edu.br\/unidades\/santaines\/files\/2020\/02\/Aula-Inalgural-2020-02-1.jpg\" alt=\"\" data-id=\"13190\" data-link=\"http:\/\/www.ifbaiano.edu.br\/unidades\/santaines\/?attachment_id=13190\" class=\"wp-image-13190\" \/><\/figure><\/li><li class=\"blocks-gallery-item\"><figure><img decoding=\"async\" loading=\"lazy\" width=\"800\" height=\"533\" src=\"http:\/\/www.ifbaiano.edu.br\/unidades\/santaines\/files\/2020\/02\/DSC_1551.jpg\" alt=\"\" data-id=\"13191\" data-link=\"http:\/\/www.ifbaiano.edu.br\/unidades\/santaines\/?attachment_id=13191\" class=\"wp-image-13191\" \/><\/figure><\/li><li class=\"blocks-gallery-item\"><figure><img decoding=\"async\" loading=\"lazy\" width=\"800\" height=\"533\" src=\"http:\/\/www.ifbaiano.edu.br\/unidades\/santaines\/files\/2020\/02\/DSC_1559.jpg\" alt=\"\" data-id=\"13192\" data-link=\"http:\/\/www.ifbaiano.edu.br\/unidades\/santaines\/?attachment_id=13192\" class=\"wp-image-13192\" \/><\/figure><\/li><\/ul><\/figure>\n","protected":false},"excerpt":{"rendered":"<p>Evento aconteceu hoje, 10 de fevereiro<\/p>\n","protected":false},"author":86,"featured_media":13192,"comment_status":"closed","ping_status":"closed","sticky":false,"template":"","format":"standard","meta":[],"categories":[4,12,10,57],"tags":[],"_links":{"self":[{"href":"https:\/\/www.ifbaiano.edu.br\/unidades\/santaines\/wp-json\/wp\/v2\/posts\/13187"}],"collection":[{"href":"https:\/\/www.ifbaiano.edu.br\/unidades\/santaines\/wp-json\/wp\/v2\/posts"}],"about":[{"href":"https:\/\/www.ifbaiano.edu.br\/unidades\/santaines\/wp-json\/wp\/v2\/types\/post"}],"author":[{"embeddable":true,"href":"https:\/\/www.ifbaiano.edu.br\/unidades\/santaines\/wp-json\/wp\/v2\/users\/86"}],"replies":[{"embeddable":true,"href":"https:\/\/www.ifbaiano.edu.br\/unidades\/santaines\/wp-json\/wp\/v2\/comments?post=13187"}],"version-history":[{"count":2,"href":"https:\/\/www.ifbaiano.edu.br\/unidades\/santaines\/wp-json\/wp\/v2\/posts\/13187\/revisions"}],"predecessor-version":[{"id":13195,"href":"https:\/\/www.ifbaiano.edu.br\/unidades\/santaines\/wp-json\/wp\/v2\/posts\/13187\/revisions\/13195"}],"wp:featuredmedia":[{"embeddable":true,"href":"https:\/\/www.ifbaiano.edu.br\/unidades\/santaines\/wp-json\/wp\/v2\/media\/13192"}],"wp:attachment":[{"href":"https:\/\/www.ifbaiano.edu.br\/unidades\/santaines\/wp-json\/wp\/v2\/media?parent=13187"}],"wp:term":[{"taxonomy":"category","embeddable":true,"href":"https:\/\/www.ifbaiano.edu.br\/unidades\/santaines\/wp-json\/wp\/v2\/categories?post=13187"},{"taxonomy":"post_tag","embeddable":true,"href":"https:\/\/www.ifbaiano.edu.br\/unidades\/santaines\/wp-json\/wp\/v2\/tags?post=13187"}],"curies":[{"name":"wp","href":"https:\/\/api.w.org\/{rel}","templated":true}]}}