{"id":13199,"date":"2020-02-12T11:35:54","date_gmt":"2020-02-12T14:35:54","guid":{"rendered":"http:\/\/www.ifbaiano.edu.br\/unidades\/santaines\/?p=13199"},"modified":"2020-02-12T14:53:59","modified_gmt":"2020-02-12T17:53:59","slug":"campus-santa-ines-divulga-cronograma-do-paise-2020","status":"publish","type":"post","link":"https:\/\/www.ifbaiano.edu.br\/unidades\/santaines\/campus-santa-ines-divulga-cronograma-do-paise-2020\/","title":{"rendered":"Campus Santa In\u00eas divulga cronograma do PAISE 2020"},"content":{"rendered":"\n<p>O Instituto Federal de Educa\u00e7\u00e3o, Ci\u00eancia e Tecnologia Baiano (IF Baiano)  lan\u00e7ou editais de programas que buscam incentivar a participa\u00e7\u00e3o de  discentes, dos cursos das modalidades presencial e \u00e0 dist\u00e2ncia, em  pesquisas, eventos tecnol\u00f3gicos e produ\u00e7\u00f5es culturais, al\u00e9m de conceder  aux\u00edlio financeiro para custeio de moradia, alimenta\u00e7\u00e3o e transporte.   <\/p>\n\n\n\n<p>\u201cOs programas s\u00e3o de extrema import\u00e2ncia para muitos alunos que se  encontram em grande vulnerabilidade social em face da natureza do IF  Baiano, que promove educa\u00e7\u00e3o de qualidade nos lugares onde ela \u00e9 mais  necess\u00e1ria\u201d, comenta o Diretor de Assist\u00eancia Estudantil do IF Baiano,  Diego Reis, sobre a import\u00e2ncia dos programas de assist\u00eancia estudantil  para o corpo discente do instituto. <\/p>\n\n\n\n<p>Um desses programas \u00e9 o PAISE &#8211; Programa de Assist\u00eancia e Inclus\u00e3o Social do Estudante que tem o objetivo de conceder aux\u00edlios fixos e mensais para moradia, alimenta\u00e7\u00e3o, transporte, perman\u00eancia, creche, dentre outros, a alunos em situa\u00e7\u00e3o de vulnerabilidade socioecon\u00f4mica do IF Baiano. Al\u00e9m disso, concede ajuda de custo anual para a aquisi\u00e7\u00e3o de materiais acad\u00eamicos e uniforme, e semestral para despesas com c\u00f3pia e impress\u00e3o.  <\/p>\n\n\n\n<p>Os valores dos aux\u00edlios est\u00e3o contidos no edital do programa  variando de R$ 20,00 a R$ 350,00, a depender do tipo de solicita\u00e7\u00e3o, que  pode ser feita no Polo de Apoio Presencial ou na Coordena\u00e7\u00e3o de  Assuntos Estudantis (CAE) do <em>campus<\/em>.  <\/p>\n\n\n\n<p><span><a style=\"font-weight: bold;font-style: italic\" href=\"http:\/\/concurso.ifbaiano.edu.br\/portal\/paise2020\/\"><strong>CLIQUE AQUI para acessar o Edital do PAISE<\/strong><\/a><\/span> <\/p>\n\n\n\n<p><a href=\"http:\/\/www.ifbaiano.edu.br\/unidades\/santaines\/files\/2020\/02\/Cronograma-2020-PAISE-SANTA-INES.pdf\"><strong>CLIQUE AQUI para acessar o CRONOGRAMA do Campus Santa In\u00eas<\/strong><\/a><\/p>\n","protected":false},"excerpt":{"rendered":"<p>PAISE \u00e9 o Programa de Assist\u00eancia e Inclus\u00e3o Social do Estudante<\/p>\n","protected":false},"author":86,"featured_media":13202,"comment_status":"closed","ping_status":"closed","sticky":false,"template":"","format":"standard","meta":[],"categories":[4,10,57],"tags":[],"_links":{"self":[{"href":"https:\/\/www.ifbaiano.edu.br\/unidades\/santaines\/wp-json\/wp\/v2\/posts\/13199"}],"collection":[{"href":"https:\/\/www.ifbaiano.edu.br\/unidades\/santaines\/wp-json\/wp\/v2\/posts"}],"about":[{"href":"https:\/\/www.ifbaiano.edu.br\/unidades\/santaines\/wp-json\/wp\/v2\/types\/post"}],"author":[{"embeddable":true,"href":"https:\/\/www.ifbaiano.edu.br\/unidades\/santaines\/wp-json\/wp\/v2\/users\/86"}],"replies":[{"embeddable":true,"href":"https:\/\/www.ifbaiano.edu.br\/unidades\/santaines\/wp-json\/wp\/v2\/comments?post=13199"}],"version-history":[{"count":2,"href":"https:\/\/www.ifbaiano.edu.br\/unidades\/santaines\/wp-json\/wp\/v2\/posts\/13199\/revisions"}],"predecessor-version":[{"id":13203,"href":"https:\/\/www.ifbaiano.edu.br\/unidades\/santaines\/wp-json\/wp\/v2\/posts\/13199\/revisions\/13203"}],"wp:featuredmedia":[{"embeddable":true,"href":"https:\/\/www.ifbaiano.edu.br\/unidades\/santaines\/wp-json\/wp\/v2\/media\/13202"}],"wp:attachment":[{"href":"https:\/\/www.ifbaiano.edu.br\/unidades\/santaines\/wp-json\/wp\/v2\/media?parent=13199"}],"wp:term":[{"taxonomy":"category","embeddable":true,"href":"https:\/\/www.ifbaiano.edu.br\/unidades\/santaines\/wp-json\/wp\/v2\/categories?post=13199"},{"taxonomy":"post_tag","embeddable":true,"href":"https:\/\/www.ifbaiano.edu.br\/unidades\/santaines\/wp-json\/wp\/v2\/tags?post=13199"}],"curies":[{"name":"wp","href":"https:\/\/api.w.org\/{rel}","templated":true}]}}