{"id":13204,"date":"2020-02-14T11:49:00","date_gmt":"2020-02-14T14:49:00","guid":{"rendered":"http:\/\/www.ifbaiano.edu.br\/unidades\/santaines\/?p=13204"},"modified":"2020-02-20T11:38:14","modified_gmt":"2020-02-20T14:38:14","slug":"if-baiano-convoca-os-candidatos-inscritos-na-lista-de-espera-do-sisu-2020-1","status":"publish","type":"post","link":"https:\/\/www.ifbaiano.edu.br\/unidades\/santaines\/if-baiano-convoca-os-candidatos-inscritos-na-lista-de-espera-do-sisu-2020-1\/","title":{"rendered":"IF Baiano convoca os candidatos inscritos na lista de espera do SiSU 2020.1"},"content":{"rendered":"\n<p>O IF Baiano publicou <strong><a href=\"http:\/\/concurso.ifbaiano.edu.br\/portal\/sisu20201\/wp-content\/uploads\/sites\/315\/2020\/02\/Convoca%C3%A7%C3%A3o-Lista-de-Espera-Campus-Santa-In%C3%AAs.pdf\">documento de convoca\u00e7\u00e3o<\/a><\/strong> dos candidatos aprovados em lista de espera via  Sistema de Sele\u00e7\u00e3o Unificada (SiSU) para participarem de reuni\u00e3o com o objetivo de preenchimento de vagas nos cursos de Gradua\u00e7\u00e3o do instituto. <\/p>\n\n\n\n<p>No Campus Santa In\u00eas, acontecer\u00e3o duas reuni\u00f5es, ambas \u00e0s 09h,  AUDIT\u00d3RIO DO CAMPUS. A primeira dia <strong>13\/02\/2020 &#8211; cursos de Bacharelado em Zootecnia e Licenciatura em Ci\u00eancias Biol\u00f3gicas<\/strong>, e a segunda <strong>dia 14\/02\/2020 &#8211; curso de Licenciatura em Geografia<\/strong>.<\/p>\n\n\n\n<p>Durante cada reuni\u00e3o ser\u00e1 efetuada a chamada nominal dos candidatos inscritos na Lista de Espera dos respectivos cursos, para a realiza\u00e7\u00e3o da matr\u00edcula, pela ordem de classifica\u00e7\u00e3o no SiSU em sua modalidade<br>de concorr\u00eancia, at\u00e9 que todas as vagas dispon\u00edveis sejam completadas ou que n\u00e3o haja mais candidatos aptos presentes.<\/p>\n\n\n\n<p>Na reuni\u00e3o, os candidatos chamados devem portar a documenta\u00e7\u00e3o necess\u00e1ria \u00e0 matr\u00edcula no curso \u2013 conforme edital do SISU.  A matr\u00edcula ser\u00e1 realizada na Secret\u00e1ria de Registros Acad\u00eamicos do Campus, logo ap\u00f3s a reuni\u00e3o.    <\/p>\n\n\n\n<p>D\u00favidas ser\u00e3o respondidas pela Pr\u00f3-Reitoria de Ensino do IF Baiano. A solicita\u00e7\u00e3o pode ser enviada para o e-mail\u00a0<a href=\"mailto:ingressos@ifbaiano.edu.br\">ingressos@ifbaiano.edu.br<\/a>. <\/p>\n\n\n\n<p>Para mais informa\u00e7\u00f5es e ver a Convoca\u00e7\u00e3o LISTA DE ESPERA <a href=\"http:\/\/concurso.ifbaiano.edu.br\/portal\/sisu20201\/\">CLIQUE AQUI<\/a>. <\/p>\n","protected":false},"excerpt":{"rendered":"<p>Reuni\u00f5es acontecem dias 13 e 14 de fevereiro<\/p>\n","protected":false},"author":86,"featured_media":13212,"comment_status":"closed","ping_status":"closed","sticky":false,"template":"","format":"standard","meta":[],"categories":[4,12,5,10,57],"tags":[],"_links":{"self":[{"href":"https:\/\/www.ifbaiano.edu.br\/unidades\/santaines\/wp-json\/wp\/v2\/posts\/13204"}],"collection":[{"href":"https:\/\/www.ifbaiano.edu.br\/unidades\/santaines\/wp-json\/wp\/v2\/posts"}],"about":[{"href":"https:\/\/www.ifbaiano.edu.br\/unidades\/santaines\/wp-json\/wp\/v2\/types\/post"}],"author":[{"embeddable":true,"href":"https:\/\/www.ifbaiano.edu.br\/unidades\/santaines\/wp-json\/wp\/v2\/users\/86"}],"replies":[{"embeddable":true,"href":"https:\/\/www.ifbaiano.edu.br\/unidades\/santaines\/wp-json\/wp\/v2\/comments?post=13204"}],"version-history":[{"count":6,"href":"https:\/\/www.ifbaiano.edu.br\/unidades\/santaines\/wp-json\/wp\/v2\/posts\/13204\/revisions"}],"predecessor-version":[{"id":13255,"href":"https:\/\/www.ifbaiano.edu.br\/unidades\/santaines\/wp-json\/wp\/v2\/posts\/13204\/revisions\/13255"}],"wp:featuredmedia":[{"embeddable":true,"href":"https:\/\/www.ifbaiano.edu.br\/unidades\/santaines\/wp-json\/wp\/v2\/media\/13212"}],"wp:attachment":[{"href":"https:\/\/www.ifbaiano.edu.br\/unidades\/santaines\/wp-json\/wp\/v2\/media?parent=13204"}],"wp:term":[{"taxonomy":"category","embeddable":true,"href":"https:\/\/www.ifbaiano.edu.br\/unidades\/santaines\/wp-json\/wp\/v2\/categories?post=13204"},{"taxonomy":"post_tag","embeddable":true,"href":"https:\/\/www.ifbaiano.edu.br\/unidades\/santaines\/wp-json\/wp\/v2\/tags?post=13204"}],"curies":[{"name":"wp","href":"https:\/\/api.w.org\/{rel}","templated":true}]}}