{"id":13216,"date":"2020-02-14T11:54:23","date_gmt":"2020-02-14T14:54:23","guid":{"rendered":"http:\/\/www.ifbaiano.edu.br\/unidades\/santaines\/?p=13216"},"modified":"2020-02-14T11:56:53","modified_gmt":"2020-02-14T14:56:53","slug":"contribua-com-a-autoavaliacao-institucional-ate-20-de-fevereiro","status":"publish","type":"post","link":"https:\/\/www.ifbaiano.edu.br\/unidades\/santaines\/contribua-com-a-autoavaliacao-institucional-ate-20-de-fevereiro\/","title":{"rendered":"Contribua com a autoavalia\u00e7\u00e3o institucional at\u00e9 20 de fevereiro"},"content":{"rendered":"\n<p>A Comiss\u00e3o Pr\u00f3pria de Avalia\u00e7\u00e3o (CPA) do IF Baiano est\u00e1 disponibilizando at\u00e9 20 de fevereiro formul\u00e1rios de autoavalia\u00e7\u00e3o institucional para contribui\u00e7\u00e3o de docentes, discentes e t\u00e9cnicos administrativos dos campi do IF Baiano que possuem cursos de gradua\u00e7\u00e3o e da sociedade civil organizada. O objetivo dos question\u00e1rios \u00e9 avaliar aspectos educativos e administrativos relacionados aos cursos e \u00e0 institui\u00e7\u00e3o.<\/p>\n\n\n\n<p>\u201cDesta maneira, a institui\u00e7\u00e3o poder\u00e1 conhecer de uma forma mais global como est\u00e1 desempenhando suas fun\u00e7\u00f5es em todos os aspectos\u201d, explica Maria Aparecida Oliveira, membro da CPA. \u201cImportante lembrar que normalmente apenas os&nbsp;<em>campus<\/em>&nbsp;que possuem cursos de gradua\u00e7\u00e3o participam da avalia\u00e7\u00e3o, conforme previsto por lei\u201d, complementa.<\/p>\n\n\n\n<p>Institu\u00edda pelo Sistema Nacional de Avalia\u00e7\u00e3o da Educa\u00e7\u00e3o Superior \u2013 SINAES (10861\/2004), a Comiss\u00e3o Pr\u00f3pria de Avalia\u00e7\u00e3o \u00e9 um \u00f3rg\u00e3o colegiado de natureza consultiva, deliberativa e normativa que promove implanta\u00e7\u00e3o e o desenvolvimento de processos de avalia\u00e7\u00e3o institucional, atendendo \u00e0s metas do Plano de Desenvolvimento Institucional (PDI) do IF Baiano, em rela\u00e7\u00e3o aos n\u00edveis e modalidades de ensino.<\/p>\n\n\n\n<p>Ainda de acordo com Oliveira, \u00e9 importante que a comunidade externa e interna do IF Baiano contribua com a consulta \u201cpara ajudar a institui\u00e7\u00e3o a planejar, organizar e redirecionar sua atua\u00e7\u00e3o, buscando efic\u00e1cia no ensino e maior relev\u00e2ncia social\u201d.<\/p>\n\n\n\n<p>Clique para acessar os question\u00e1rios:<\/p>\n\n\n\n<p><a href=\"https:\/\/opinanovo.ifbaiano.edu.br\/index.php\/864173\/lang\/pt-BR\/newtest\/Y\">Docente<\/a><\/p>\n\n\n\n<p><a href=\"https:\/\/opinanovo.ifbaiano.edu.br\/index.php\/238666\/lang\/pt-BR\/newtest\/Y\">T\u00e9cnico<\/a><\/p>\n\n\n\n<p><a href=\"https:\/\/opinanovo.ifbaiano.edu.br\/index.php\/847984\/lang\/pt-BR\/newtest\/Y\">Discente<\/a><\/p>\n\n\n\n<p><a href=\"https:\/\/opinanovo.ifbaiano.edu.br\/index.php\/546886\/lang\/pt-BR\/newtest\/Y\">Comunidade Externa<\/a><\/p>\n\n\n\n<p>Para mais informa\u00e7\u00f5es, acesse a p\u00e1gina da CPA no site do IF Baiano ou envie e-mail para&nbsp;<a href=\"mailto:cpa@reitoria.ifbaiano.edu.br\">cpa@reitoria.ifbaiano.edu.br<\/a>.<\/p>\n","protected":false},"excerpt":{"rendered":"<p>Podem participar docentes, discentes e t\u00e9cnico-administrativos dos campi do IF Baiano que possuem cursos de gradua\u00e7\u00e3o e comunidade externa.<\/p>\n","protected":false},"author":86,"featured_media":13219,"comment_status":"closed","ping_status":"closed","sticky":false,"template":"","format":"standard","meta":[],"categories":[4,10,57],"tags":[],"_links":{"self":[{"href":"https:\/\/www.ifbaiano.edu.br\/unidades\/santaines\/wp-json\/wp\/v2\/posts\/13216"}],"collection":[{"href":"https:\/\/www.ifbaiano.edu.br\/unidades\/santaines\/wp-json\/wp\/v2\/posts"}],"about":[{"href":"https:\/\/www.ifbaiano.edu.br\/unidades\/santaines\/wp-json\/wp\/v2\/types\/post"}],"author":[{"embeddable":true,"href":"https:\/\/www.ifbaiano.edu.br\/unidades\/santaines\/wp-json\/wp\/v2\/users\/86"}],"replies":[{"embeddable":true,"href":"https:\/\/www.ifbaiano.edu.br\/unidades\/santaines\/wp-json\/wp\/v2\/comments?post=13216"}],"version-history":[{"count":1,"href":"https:\/\/www.ifbaiano.edu.br\/unidades\/santaines\/wp-json\/wp\/v2\/posts\/13216\/revisions"}],"predecessor-version":[{"id":13218,"href":"https:\/\/www.ifbaiano.edu.br\/unidades\/santaines\/wp-json\/wp\/v2\/posts\/13216\/revisions\/13218"}],"wp:featuredmedia":[{"embeddable":true,"href":"https:\/\/www.ifbaiano.edu.br\/unidades\/santaines\/wp-json\/wp\/v2\/media\/13219"}],"wp:attachment":[{"href":"https:\/\/www.ifbaiano.edu.br\/unidades\/santaines\/wp-json\/wp\/v2\/media?parent=13216"}],"wp:term":[{"taxonomy":"category","embeddable":true,"href":"https:\/\/www.ifbaiano.edu.br\/unidades\/santaines\/wp-json\/wp\/v2\/categories?post=13216"},{"taxonomy":"post_tag","embeddable":true,"href":"https:\/\/www.ifbaiano.edu.br\/unidades\/santaines\/wp-json\/wp\/v2\/tags?post=13216"}],"curies":[{"name":"wp","href":"https:\/\/api.w.org\/{rel}","templated":true}]}}