{"id":13223,"date":"2020-02-18T10:21:24","date_gmt":"2020-02-18T13:21:24","guid":{"rendered":"http:\/\/www.ifbaiano.edu.br\/unidades\/santaines\/?p=13223"},"modified":"2020-02-18T10:24:40","modified_gmt":"2020-02-18T13:24:40","slug":"campus-santa-ines-publica-resultado-final-do-processo-seletivo-para-professor-substituto-de-filosofia-e-quimica","status":"publish","type":"post","link":"https:\/\/www.ifbaiano.edu.br\/unidades\/santaines\/campus-santa-ines-publica-resultado-final-do-processo-seletivo-para-professor-substituto-de-filosofia-e-quimica\/","title":{"rendered":"Campus Santa In\u00eas publica resultado final do Processo Seletivo para professor substituto de Filosofia e Qu\u00edmica"},"content":{"rendered":"<p><!--StartFragment--><\/p>\n\n\n<p>O IF Baiano Publicou hoje o resultado final do Processo Seletivo  simplificado para contrata\u00e7\u00e3o de Professor Substituto do Campus Santa In\u00eas.<\/p>\n\n\n\n<p>Esta sele\u00e7\u00e3o foi destinada para as \u00e1reas de Filosofia e Qu\u00edmica. Para acesso ao resultado final e demais informa\u00e7\u00f5es referentes a este Processo Seletivo <strong><a href=\"http:\/\/concurso.ifbaiano.edu.br\/portal\/substituto-santa-ines-novembro-2019\/\">CLIQUE AQUI<\/a><\/strong>. <\/p>\n\n\n\n<p>O referido resultado tem rela\u00e7\u00e3o com os tr\u00e2mites associados ao Edital n\u00ba 136, de 12 de novembro de 2019. <\/p>\n\n\n<p><!--EndFragment--><\/p>","protected":false},"excerpt":{"rendered":"<p>O resultado tem rela\u00e7\u00e3o com os tr\u00e2mites associados ao Edital n\u00ba 136, de 12 de novembro de 2019.<\/p>\n","protected":false},"author":86,"featured_media":13181,"comment_status":"closed","ping_status":"closed","sticky":false,"template":"","format":"standard","meta":[],"categories":[4,10,8,57],"tags":[],"_links":{"self":[{"href":"https:\/\/www.ifbaiano.edu.br\/unidades\/santaines\/wp-json\/wp\/v2\/posts\/13223"}],"collection":[{"href":"https:\/\/www.ifbaiano.edu.br\/unidades\/santaines\/wp-json\/wp\/v2\/posts"}],"about":[{"href":"https:\/\/www.ifbaiano.edu.br\/unidades\/santaines\/wp-json\/wp\/v2\/types\/post"}],"author":[{"embeddable":true,"href":"https:\/\/www.ifbaiano.edu.br\/unidades\/santaines\/wp-json\/wp\/v2\/users\/86"}],"replies":[{"embeddable":true,"href":"https:\/\/www.ifbaiano.edu.br\/unidades\/santaines\/wp-json\/wp\/v2\/comments?post=13223"}],"version-history":[{"count":2,"href":"https:\/\/www.ifbaiano.edu.br\/unidades\/santaines\/wp-json\/wp\/v2\/posts\/13223\/revisions"}],"predecessor-version":[{"id":13225,"href":"https:\/\/www.ifbaiano.edu.br\/unidades\/santaines\/wp-json\/wp\/v2\/posts\/13223\/revisions\/13225"}],"wp:featuredmedia":[{"embeddable":true,"href":"https:\/\/www.ifbaiano.edu.br\/unidades\/santaines\/wp-json\/wp\/v2\/media\/13181"}],"wp:attachment":[{"href":"https:\/\/www.ifbaiano.edu.br\/unidades\/santaines\/wp-json\/wp\/v2\/media?parent=13223"}],"wp:term":[{"taxonomy":"category","embeddable":true,"href":"https:\/\/www.ifbaiano.edu.br\/unidades\/santaines\/wp-json\/wp\/v2\/categories?post=13223"},{"taxonomy":"post_tag","embeddable":true,"href":"https:\/\/www.ifbaiano.edu.br\/unidades\/santaines\/wp-json\/wp\/v2\/tags?post=13223"}],"curies":[{"name":"wp","href":"https:\/\/api.w.org\/{rel}","templated":true}]}}