{"id":13296,"date":"2020-03-09T17:36:00","date_gmt":"2020-03-09T20:36:00","guid":{"rendered":"https:\/\/www.ifbaiano.edu.br\/unidades\/santaines\/?p=13296"},"modified":"2020-03-09T17:45:58","modified_gmt":"2020-03-09T20:45:58","slug":"campus-santa-ines-retifica-edital-dos-cursos-fic","status":"publish","type":"post","link":"https:\/\/www.ifbaiano.edu.br\/unidades\/santaines\/campus-santa-ines-retifica-edital-dos-cursos-fic\/","title":{"rendered":"Campus Santa In\u00eas abre inscri\u00e7\u00f5es &#8211; segunda chamada &#8211; para cursos FIC"},"content":{"rendered":"<p>O Processo Seletivo para Ingresso de Estudantes nos Cursos de Qualifica\u00e7\u00e3o Profissional, na Modalidade de Forma\u00e7\u00e3o Inicial e Continuada (FIC) abre inscri\u00e7\u00f5es para segunda chamada.<\/p>\n<p>Para acessar o Edital e\/ou a retifica\u00e7\u00e3o<a href=\"http:\/\/concurso.ifbaiano.edu.br\/portal\/fic-santa-ines-janeiro-2020\/\"><strong> CLIQUE AQUI.<\/strong><\/a><\/p>\n\n\n<p>Os Cursos FIC ofertados pelo Instituto Federal de Educa\u00e7\u00e3o,   Ci\u00eancia   e  Tecnologia   Baiano   \u2013   IF   Baiano,   est\u00e3o   embasados   nos   princ\u00edpios estabelecidos pela legisla\u00e7\u00e3o vigente e consistem em cursos de qualifica\u00e7\u00e3o, de forma\u00e7\u00e3o e aperfei\u00e7oamento profissional, de curta dura\u00e7\u00e3o.<\/p>\n\n\n\n<figure class=\"wp-block-image size-large is-resized\"><a href=\"http:\/\/concurso.ifbaiano.edu.br\/portal\/fic-santa-ines-janeiro-2020\/\"><img decoding=\"async\" loading=\"lazy\" src=\"https:\/\/www.ifbaiano.edu.br\/unidades\/santaines\/files\/2020\/03\/ficsanta-ines-2020_Cursos.gif\" alt=\"\" class=\"wp-image-13331\" width=\"591\" height=\"257\" \/><\/a><\/figure>\n\n\n\n<p>D\u00favidas   sobre   o   processo   dever\u00e3o   ser   encaminhadas   para   o   e-mail:fic@si.ifbaiano.edu.br. <\/p>\n\n\n<p><!--EndFragment--><\/p>","protected":false},"excerpt":{"rendered":"<p>D\u00favidas   sobre   o   processo   dever\u00e3o   ser   encaminhadas   para   o   e-mail:fic@si.ifbaiano.edu.br. <\/p>\n","protected":false},"author":86,"featured_media":13334,"comment_status":"closed","ping_status":"closed","sticky":false,"template":"","format":"standard","meta":[],"categories":[4,10,8,57],"tags":[],"_links":{"self":[{"href":"https:\/\/www.ifbaiano.edu.br\/unidades\/santaines\/wp-json\/wp\/v2\/posts\/13296"}],"collection":[{"href":"https:\/\/www.ifbaiano.edu.br\/unidades\/santaines\/wp-json\/wp\/v2\/posts"}],"about":[{"href":"https:\/\/www.ifbaiano.edu.br\/unidades\/santaines\/wp-json\/wp\/v2\/types\/post"}],"author":[{"embeddable":true,"href":"https:\/\/www.ifbaiano.edu.br\/unidades\/santaines\/wp-json\/wp\/v2\/users\/86"}],"replies":[{"embeddable":true,"href":"https:\/\/www.ifbaiano.edu.br\/unidades\/santaines\/wp-json\/wp\/v2\/comments?post=13296"}],"version-history":[{"count":5,"href":"https:\/\/www.ifbaiano.edu.br\/unidades\/santaines\/wp-json\/wp\/v2\/posts\/13296\/revisions"}],"predecessor-version":[{"id":13336,"href":"https:\/\/www.ifbaiano.edu.br\/unidades\/santaines\/wp-json\/wp\/v2\/posts\/13296\/revisions\/13336"}],"wp:featuredmedia":[{"embeddable":true,"href":"https:\/\/www.ifbaiano.edu.br\/unidades\/santaines\/wp-json\/wp\/v2\/media\/13334"}],"wp:attachment":[{"href":"https:\/\/www.ifbaiano.edu.br\/unidades\/santaines\/wp-json\/wp\/v2\/media?parent=13296"}],"wp:term":[{"taxonomy":"category","embeddable":true,"href":"https:\/\/www.ifbaiano.edu.br\/unidades\/santaines\/wp-json\/wp\/v2\/categories?post=13296"},{"taxonomy":"post_tag","embeddable":true,"href":"https:\/\/www.ifbaiano.edu.br\/unidades\/santaines\/wp-json\/wp\/v2\/tags?post=13296"}],"curies":[{"name":"wp","href":"https:\/\/api.w.org\/{rel}","templated":true}]}}