{"id":13314,"date":"2020-03-05T08:38:16","date_gmt":"2020-03-05T11:38:16","guid":{"rendered":"https:\/\/www.ifbaiano.edu.br\/unidades\/santaines\/?p=13314"},"modified":"2020-03-05T08:41:10","modified_gmt":"2020-03-05T11:41:10","slug":"campus-santa-ines-promove-evento-em-comemoracao-ao-dia-mundial-da-agua","status":"publish","type":"post","link":"https:\/\/www.ifbaiano.edu.br\/unidades\/santaines\/campus-santa-ines-promove-evento-em-comemoracao-ao-dia-mundial-da-agua\/","title":{"rendered":"Campus Santa In\u00eas promove evento em comemora\u00e7\u00e3o ao Dia Mundial da \u00c1gua"},"content":{"rendered":"\n<p>O Grupo de Estudos Socioambientais com \u00canfase em Recursos H\u00eddricos (GESARH), do IF Baiano <em>Campus<\/em> Santa In\u00eas promove evento em comemora\u00e7\u00e3o ao Dia Mundial da \u00c1gua.  Ser\u00e3o dois dias de atividades diversas, sendo: dia 20 de mar\u00e7o no Campus Santa In\u00eas e dia 21 de mar\u00e7o na feira livre da cidade de Mutu\u00edpe.<\/p>\n\n\n\n<p>O evento &#8220;\u00c1gua no Semi\u00e1rido: propostas inovadoras&#8221;  tem como finalidade fomentar a discuss\u00e3o com as comunidades internas e externas ao IF Baiano sobre essa tem\u00e1tica de extrema relev\u00e2ncia. <\/p>\n\n\n\n<p>Deviso a sua localiza\u00e7\u00e3o numa regi\u00e3o semi\u00e1rida e, tamb\u00e9m, por situar na margem do rio Jiquiri\u00e7\u00e1, o GESARH\/IF BAIANO Campus Santa In\u00eas convidou palestrantes com diversas experi\u00eancias no tema para realizar esse debate.<\/p>\n\n\n\n<p>As inscri\u00e7\u00f5es para o evento j\u00e1 est\u00e3o dispon\u00edveis e as vagas s\u00e3o limitadas.<\/p>\n\n\n\n<p><strong>Para se inscrever clique na imagem abaixo.<\/strong><br> <br><\/p>\n\n\n\n<figure class=\"wp-block-image size-large is-resized\"><a href=\"https:\/\/forms.gle\/xX1xReqqKb5YNyJG9\"><img decoding=\"async\" loading=\"lazy\" src=\"https:\/\/www.ifbaiano.edu.br\/unidades\/santaines\/files\/2020\/03\/CARD.png\" alt=\"\" class=\"wp-image-13315\" width=\"627\" height=\"627\" \/><\/a><\/figure>\n","protected":false},"excerpt":{"rendered":"<p>Ser\u00e3o dois dias de atividades diversas: 20 e 21 de mar\u00e7o.<\/p>\n","protected":false},"author":86,"featured_media":13324,"comment_status":"closed","ping_status":"closed","sticky":false,"template":"","format":"standard","meta":[],"categories":[4,37,10,57],"tags":[],"_links":{"self":[{"href":"https:\/\/www.ifbaiano.edu.br\/unidades\/santaines\/wp-json\/wp\/v2\/posts\/13314"}],"collection":[{"href":"https:\/\/www.ifbaiano.edu.br\/unidades\/santaines\/wp-json\/wp\/v2\/posts"}],"about":[{"href":"https:\/\/www.ifbaiano.edu.br\/unidades\/santaines\/wp-json\/wp\/v2\/types\/post"}],"author":[{"embeddable":true,"href":"https:\/\/www.ifbaiano.edu.br\/unidades\/santaines\/wp-json\/wp\/v2\/users\/86"}],"replies":[{"embeddable":true,"href":"https:\/\/www.ifbaiano.edu.br\/unidades\/santaines\/wp-json\/wp\/v2\/comments?post=13314"}],"version-history":[{"count":7,"href":"https:\/\/www.ifbaiano.edu.br\/unidades\/santaines\/wp-json\/wp\/v2\/posts\/13314\/revisions"}],"predecessor-version":[{"id":13323,"href":"https:\/\/www.ifbaiano.edu.br\/unidades\/santaines\/wp-json\/wp\/v2\/posts\/13314\/revisions\/13323"}],"wp:featuredmedia":[{"embeddable":true,"href":"https:\/\/www.ifbaiano.edu.br\/unidades\/santaines\/wp-json\/wp\/v2\/media\/13324"}],"wp:attachment":[{"href":"https:\/\/www.ifbaiano.edu.br\/unidades\/santaines\/wp-json\/wp\/v2\/media?parent=13314"}],"wp:term":[{"taxonomy":"category","embeddable":true,"href":"https:\/\/www.ifbaiano.edu.br\/unidades\/santaines\/wp-json\/wp\/v2\/categories?post=13314"},{"taxonomy":"post_tag","embeddable":true,"href":"https:\/\/www.ifbaiano.edu.br\/unidades\/santaines\/wp-json\/wp\/v2\/tags?post=13314"}],"curies":[{"name":"wp","href":"https:\/\/api.w.org\/{rel}","templated":true}]}}