{"id":13325,"date":"2020-03-06T12:07:38","date_gmt":"2020-03-06T15:07:38","guid":{"rendered":"https:\/\/www.ifbaiano.edu.br\/unidades\/santaines\/?p=13325"},"modified":"2020-03-06T12:07:38","modified_gmt":"2020-03-06T15:07:38","slug":"inscricoes-abertas-para-a-proxima-edicao-do-festival-de-arte-e-musica-do-if-baiano","status":"publish","type":"post","link":"https:\/\/www.ifbaiano.edu.br\/unidades\/santaines\/inscricoes-abertas-para-a-proxima-edicao-do-festival-de-arte-e-musica-do-if-baiano\/","title":{"rendered":"Inscri\u00e7\u00f5es abertas para a pr\u00f3xima edi\u00e7\u00e3o do Festival de Arte e M\u00fasica do IF Baiano"},"content":{"rendered":"\n<p>Interessados em participar do Festival de Arte e M\u00fasica do IF Baiano, cujo tema em 2020 \u00e9 \u201cNordeste, nossa raiz\u201d, t\u00eam de hoje, 5 de mar\u00e7o, at\u00e9 13 de abril de 2020 para realizar inscri\u00e7\u00e3o.&nbsp;Podem participar estudantes (regulares e egressos), servidores e colaboradores (estagi\u00e1rios e terceirizados) da institui\u00e7\u00e3o.&nbsp;<\/p>\n\n\n\n<p>O evento ocorrer\u00e1 em duas etapas. De 20 a 30 de abril, ocorrer\u00e3o os festivais internos, que ir\u00e3o selecionar e classificar os participantes nos 14\u00a0<em>campi\u00a0<\/em>e reitoria do IF Baiano. Depois disso, os classificados se apresentam, durante os dias 2, 3 e 4 de junho, na etapa final\u00a0<em>intercampi<\/em>, sediada em Salvador.<\/p>\n\n\n\n<div class=\"wp-block-image\"><figure class=\"aligncenter size-large is-resized\"><img decoding=\"async\" loading=\"lazy\" src=\"https:\/\/www.ifbaiano.edu.br\/unidades\/santaines\/files\/2020\/03\/IMG_6804-2.jpg\" alt=\"\" class=\"wp-image-13326\" width=\"473\" height=\"315\" \/><figcaption> Primeira edi\u00e7\u00e3o do Famif contou com 43 apresenta\u00e7\u00f5es art\u00edsticas na etapa final, em Salvador. <\/figcaption><\/figure><\/div>\n\n\n\n<p>Ser\u00e3o selecionadas apresenta\u00e7\u00f5es art\u00edsticas, individuais ou em grupo, em sete formatos:<\/p>\n\n\n\n<ul><li>Interpreta\u00e7\u00e3o musical autoral<\/li><li>Interpreta\u00e7\u00e3o musical n\u00e3o autoral<\/li><li>M\u00fasica Instrumental<\/li><li>Declama\u00e7\u00e3o de poema \/ poesia autoral<\/li><li>Teatro, stand up comedy e arte circense<\/li><li>Dan\u00e7a<\/li><li>Artes Visuais: fotografia, pintura e grafite<\/li><\/ul>\n\n\n\n<p>Para se inscreverem, os candidatos devem se dirigir \u00e0s Coordena\u00e7\u00f5es de Extens\u00e3o ou \u00e0s Secretarias de Registro Acad\u00eamico de seus&nbsp;<em>campi<\/em>, ou \u00e0 Pr\u00f3-reitoria de Extens\u00e3o (Proex), no caso dos servidores da reitoria.<\/p>\n\n\n\n<p>Esta \u00e9 a segunda edi\u00e7\u00e3o do Festival de Arte e M\u00fasica do IF Baiano, evento promovido pela Pr\u00f3-reitoria de extens\u00e3o (Proex) com o intuito de estimular o interesse da comunidade acad\u00eamica pela arte e cultura. Al\u00e9m disso, busca valorizar a diversidade cultural dos territ\u00f3rios que o Instituto est\u00e1 presente.&nbsp;<\/p>\n\n\n\n<p>Informa\u00e7\u00f5es completas no\u00a0<a href=\"https:\/\/ifbaiano.edu.br\/portal\/extensao\/wp-content\/uploads\/sites\/4\/2020\/03\/EDITAL-FAMIF-BAIANO-2020.pdf\">EDITAL DE CHAMADA INTERNA DE EXTENS\u00c3O N\u00ba 05\/2020\/PROEX\/CGDTCC\/IF BAIANO<\/a>.<\/p>\n\n\n\n<hr class=\"wp-block-separator\" \/>\n\n\n\n<h3 class=\"wp-block-heading\">Veja tamb\u00e9m:<\/h3>\n\n\n\n<ul><li><a href=\"https:\/\/ifbaiano.edu.br\/portal\/blog\/2019\/06\/06\/conheca-os-vencedores-do-1-festival-de-arte-e-musica-do-if-baiano\/\">Conhe\u00e7a os vencedores do 1\u00b0 Festival de Arte e M\u00fasica\u2026<\/a><\/li><\/ul>\n\n\n\n<hr class=\"wp-block-separator\" \/>\n","protected":false},"excerpt":{"rendered":"<p>Inscri\u00e7\u00f5es de 5 de mar\u00e7o, at\u00e9 13 de abril de 2020 para realizar inscri\u00e7\u00e3o<\/p>\n","protected":false},"author":86,"featured_media":13326,"comment_status":"closed","ping_status":"closed","sticky":false,"template":"","format":"standard","meta":[],"categories":[4,37,10,57],"tags":[],"_links":{"self":[{"href":"https:\/\/www.ifbaiano.edu.br\/unidades\/santaines\/wp-json\/wp\/v2\/posts\/13325"}],"collection":[{"href":"https:\/\/www.ifbaiano.edu.br\/unidades\/santaines\/wp-json\/wp\/v2\/posts"}],"about":[{"href":"https:\/\/www.ifbaiano.edu.br\/unidades\/santaines\/wp-json\/wp\/v2\/types\/post"}],"author":[{"embeddable":true,"href":"https:\/\/www.ifbaiano.edu.br\/unidades\/santaines\/wp-json\/wp\/v2\/users\/86"}],"replies":[{"embeddable":true,"href":"https:\/\/www.ifbaiano.edu.br\/unidades\/santaines\/wp-json\/wp\/v2\/comments?post=13325"}],"version-history":[{"count":3,"href":"https:\/\/www.ifbaiano.edu.br\/unidades\/santaines\/wp-json\/wp\/v2\/posts\/13325\/revisions"}],"predecessor-version":[{"id":13329,"href":"https:\/\/www.ifbaiano.edu.br\/unidades\/santaines\/wp-json\/wp\/v2\/posts\/13325\/revisions\/13329"}],"wp:featuredmedia":[{"embeddable":true,"href":"https:\/\/www.ifbaiano.edu.br\/unidades\/santaines\/wp-json\/wp\/v2\/media\/13326"}],"wp:attachment":[{"href":"https:\/\/www.ifbaiano.edu.br\/unidades\/santaines\/wp-json\/wp\/v2\/media?parent=13325"}],"wp:term":[{"taxonomy":"category","embeddable":true,"href":"https:\/\/www.ifbaiano.edu.br\/unidades\/santaines\/wp-json\/wp\/v2\/categories?post=13325"},{"taxonomy":"post_tag","embeddable":true,"href":"https:\/\/www.ifbaiano.edu.br\/unidades\/santaines\/wp-json\/wp\/v2\/tags?post=13325"}],"curies":[{"name":"wp","href":"https:\/\/api.w.org\/{rel}","templated":true}]}}