{"id":13338,"date":"2020-03-10T10:24:36","date_gmt":"2020-03-10T13:24:36","guid":{"rendered":"https:\/\/www.ifbaiano.edu.br\/unidades\/santaines\/?p=13338"},"modified":"2020-03-12T13:04:53","modified_gmt":"2020-03-12T16:04:53","slug":"campus-santa-ines-publica-lista-de-selecionados-para-residencia-estudantil","status":"publish","type":"post","link":"https:\/\/www.ifbaiano.edu.br\/unidades\/santaines\/campus-santa-ines-publica-lista-de-selecionados-para-residencia-estudantil\/","title":{"rendered":"Campus Santa In\u00eas publica lista de selecionados para resid\u00eancia estudantil"},"content":{"rendered":"\n<p>A Coordena\u00e7\u00e3o de Assuntos Estudantis (CAE) do IF Baiano <em>Campus<\/em> Santa In\u00eas, publica lista de estudantes pr\u00e9-selecionados para a resid\u00eancia estudantil, conforme prev\u00ea o Edital de Processo Seletivo para a Resid\u00eancia Estudantil 2020. <\/p>\n\n\n\n<p>A Resid\u00eancia Estudantil integra a Pol\u00edtica de Assist\u00eancia Estudantil do IF Baiano e destina-se aos estudantes regularmente matriculados, com renda de at\u00e9 um sal\u00e1rio-m\u00ednimo e meio per capita.  Consiste em viabilizar a perman\u00eancia integral de estudantes que v\u00eam de outro Estado, munic\u00edpio de dif\u00edcil acesso ao <em>Campus, <\/em>ou zona rural, podendo atender a ambos os sexos; adolescentes na idade entre 13 e 17 anos que estejam em situa\u00e7\u00e3o de vulnerabilidade socioecon\u00f4mica.<\/p>\n\n\n\n<p>Para consultar a lista dos pr\u00e9-selecionados <strong><a href=\"https:\/\/www.ifbaiano.edu.br\/unidades\/santaines\/files\/2020\/03\/PRE_SELECIONADOS-RESIDENCIA-ESTUDANTIL-2020.pdf\">CLIQUE AQUI<\/a><\/strong><\/p>\n\n\n\n<p> Para consultar a lista dos Selecionados <strong><a href=\"https:\/\/www.ifbaiano.edu.br\/unidades\/santaines\/files\/2020\/03\/SELECIONADOS-RESID\u00caNCIA-ESTUDANTIL-2020.pdf\">CLIQUE AQUI<\/a><\/strong> <\/p>\n\n\n\n<p>Todas as informa\u00e7\u00f5es referentes \u00e0 sele\u00e7\u00e3o bem como demais procedimentos est\u00e3o disponibilizados no <strong><a href=\"http:\/\/www.ifbaiano.edu.br\/unidades\/santaines\/files\/2020\/02\/EDITAL-2020-Residencia-Estudantil-Santa-Ines.pdf\">Edital que pode ser acessado AQUI <\/a><\/strong><br><\/p>\n","protected":false},"excerpt":{"rendered":"<p>A Resid\u00eancia Estudantil integra a Pol\u00edtica de Assist\u00eancia Estudantil do IF Baiano<\/p>\n","protected":false},"author":86,"featured_media":0,"comment_status":"closed","ping_status":"closed","sticky":false,"template":"","format":"standard","meta":[],"categories":[4,10,57],"tags":[],"_links":{"self":[{"href":"https:\/\/www.ifbaiano.edu.br\/unidades\/santaines\/wp-json\/wp\/v2\/posts\/13338"}],"collection":[{"href":"https:\/\/www.ifbaiano.edu.br\/unidades\/santaines\/wp-json\/wp\/v2\/posts"}],"about":[{"href":"https:\/\/www.ifbaiano.edu.br\/unidades\/santaines\/wp-json\/wp\/v2\/types\/post"}],"author":[{"embeddable":true,"href":"https:\/\/www.ifbaiano.edu.br\/unidades\/santaines\/wp-json\/wp\/v2\/users\/86"}],"replies":[{"embeddable":true,"href":"https:\/\/www.ifbaiano.edu.br\/unidades\/santaines\/wp-json\/wp\/v2\/comments?post=13338"}],"version-history":[{"count":4,"href":"https:\/\/www.ifbaiano.edu.br\/unidades\/santaines\/wp-json\/wp\/v2\/posts\/13338\/revisions"}],"predecessor-version":[{"id":13358,"href":"https:\/\/www.ifbaiano.edu.br\/unidades\/santaines\/wp-json\/wp\/v2\/posts\/13338\/revisions\/13358"}],"wp:attachment":[{"href":"https:\/\/www.ifbaiano.edu.br\/unidades\/santaines\/wp-json\/wp\/v2\/media?parent=13338"}],"wp:term":[{"taxonomy":"category","embeddable":true,"href":"https:\/\/www.ifbaiano.edu.br\/unidades\/santaines\/wp-json\/wp\/v2\/categories?post=13338"},{"taxonomy":"post_tag","embeddable":true,"href":"https:\/\/www.ifbaiano.edu.br\/unidades\/santaines\/wp-json\/wp\/v2\/tags?post=13338"}],"curies":[{"name":"wp","href":"https:\/\/api.w.org\/{rel}","templated":true}]}}