{"id":13363,"date":"2020-03-13T09:07:39","date_gmt":"2020-03-13T12:07:39","guid":{"rendered":"https:\/\/www.ifbaiano.edu.br\/unidades\/santaines\/?p=13363"},"modified":"2020-03-13T09:07:39","modified_gmt":"2020-03-13T12:07:39","slug":"campus-santa-ines-convida-pais-responsaveis-para-primeira-reuniao-do-ano-letivo-2020","status":"publish","type":"post","link":"https:\/\/www.ifbaiano.edu.br\/unidades\/santaines\/campus-santa-ines-convida-pais-responsaveis-para-primeira-reuniao-do-ano-letivo-2020\/","title":{"rendered":"Campus Santa In\u00eas Convida pais\/respons\u00e1veis para primeira reuni\u00e3o do ano letivo 2020"},"content":{"rendered":"\n<p>O Diretor Geral, Professor Abdon Santos Nogueira, convida a todos os pais ou respons\u00e1veis pelos discentes para participarem da primeira reuni\u00e3o do ano letivo 2020. <\/p>\n\n\n\n<p>Este ano acontecer\u00e3o duas reuni\u00f5es. A primeira no dia 16 de mar\u00e7o de 2020   (segunda-feira) com os estudantes ingressantes no ano letivo 2020 (primeira s\u00e9rie) e seus respectivos pais\/respons\u00e1veis . <\/p>\n\n\n\n<p>A segunda reuni\u00e3o acontece dia 17 de mar\u00e7o de 2020   (ter\u00e7a-feira) com os estudantes das segunda e terceira s\u00e9ries e seus respectivos pais\/respons\u00e1veis. <\/p>\n\n\n\n<p>No dia 17\/03 (ter\u00e7a-feira) haver\u00e1 aula normal para os estudantes da primeira s\u00e9rie.<\/p>\n\n\n\n<p>Veja a programa\u00e7\u00e3o abaixo:<\/p>\n\n\n\n<figure class=\"wp-block-image size-large\"><img decoding=\"async\" loading=\"lazy\" width=\"1080\" height=\"1080\" src=\"https:\/\/www.ifbaiano.edu.br\/unidades\/santaines\/files\/2020\/03\/3b5e4268-db40-4678-b27d-a34cc7df5412.jpg\" alt=\"\" class=\"wp-image-13364\" \/><\/figure>\n","protected":false},"excerpt":{"rendered":"<p>Este ano acontecem duas reuni\u00f5es: 16 e 17 de mar\u00e7o<\/p>\n","protected":false},"author":86,"featured_media":0,"comment_status":"closed","ping_status":"closed","sticky":false,"template":"","format":"standard","meta":[],"categories":[4,13,10,57],"tags":[],"_links":{"self":[{"href":"https:\/\/www.ifbaiano.edu.br\/unidades\/santaines\/wp-json\/wp\/v2\/posts\/13363"}],"collection":[{"href":"https:\/\/www.ifbaiano.edu.br\/unidades\/santaines\/wp-json\/wp\/v2\/posts"}],"about":[{"href":"https:\/\/www.ifbaiano.edu.br\/unidades\/santaines\/wp-json\/wp\/v2\/types\/post"}],"author":[{"embeddable":true,"href":"https:\/\/www.ifbaiano.edu.br\/unidades\/santaines\/wp-json\/wp\/v2\/users\/86"}],"replies":[{"embeddable":true,"href":"https:\/\/www.ifbaiano.edu.br\/unidades\/santaines\/wp-json\/wp\/v2\/comments?post=13363"}],"version-history":[{"count":2,"href":"https:\/\/www.ifbaiano.edu.br\/unidades\/santaines\/wp-json\/wp\/v2\/posts\/13363\/revisions"}],"predecessor-version":[{"id":13366,"href":"https:\/\/www.ifbaiano.edu.br\/unidades\/santaines\/wp-json\/wp\/v2\/posts\/13363\/revisions\/13366"}],"wp:attachment":[{"href":"https:\/\/www.ifbaiano.edu.br\/unidades\/santaines\/wp-json\/wp\/v2\/media?parent=13363"}],"wp:term":[{"taxonomy":"category","embeddable":true,"href":"https:\/\/www.ifbaiano.edu.br\/unidades\/santaines\/wp-json\/wp\/v2\/categories?post=13363"},{"taxonomy":"post_tag","embeddable":true,"href":"https:\/\/www.ifbaiano.edu.br\/unidades\/santaines\/wp-json\/wp\/v2\/tags?post=13363"}],"curies":[{"name":"wp","href":"https:\/\/api.w.org\/{rel}","templated":true}]}}