{"id":13368,"date":"2020-03-13T22:45:53","date_gmt":"2020-03-14T01:45:53","guid":{"rendered":"https:\/\/www.ifbaiano.edu.br\/unidades\/santaines\/?p=13368"},"modified":"2020-03-18T22:57:37","modified_gmt":"2020-03-19T01:57:37","slug":"if-baiano-adota-medidas-preventivas-de-enfrentamento-do-covid-19","status":"publish","type":"post","link":"https:\/\/www.ifbaiano.edu.br\/unidades\/santaines\/if-baiano-adota-medidas-preventivas-de-enfrentamento-do-covid-19\/","title":{"rendered":"IF Baiano adota medidas preventivas de enfrentamento do COVID-19"},"content":{"rendered":"\n<p>O Instituto Federal de Educa\u00e7\u00e3o, Ci\u00eancia e Tecnologia Baiano, atento \u00e0 declara\u00e7\u00e3o da Organiza\u00e7\u00e3o Mundial de Sa\u00fade (OMS) acerca do estado de pandemia causado pelo COVID-19 (novo Coronav\u00edrus) e \u00e0s recomenda\u00e7\u00f5es determinadas pelo Minist\u00e9rio da Sa\u00fade e Minist\u00e9rio da Educa\u00e7\u00e3o, decide pela imediata estrutura\u00e7\u00e3o de Comit\u00eas de Acompanhamento da Amea\u00e7a do Coronav\u00edrus no IF Baiano e ado\u00e7\u00e3o de medidas protetivas no \u00e2mbito do Instituto.<\/p>\n\n\n\n<p>A fim de reduzir a possibilidade de contamina\u00e7\u00e3o enquanto os Comit\u00eas de Acompanhamento analisam e definem as medidas iniciais a serem adotadas, o IF Baiano decide suspender as atividades acad\u00eamicas e administrativas nos&nbsp;<em>Campi<\/em>&nbsp;e Reitoria, preservando e assegurando os servi\u00e7os essenciais a serem definidos pela chefia imediata, no per\u00edodo de 14 a 20 de mar\u00e7o.<\/p>\n\n\n\n<p>A Institui\u00e7\u00e3o tamb\u00e9m elaborou uma&nbsp;<a href=\"https:\/\/ifbaiano.edu.br\/portal\/wp-content\/uploads\/2020\/03\/Instru%C3%A7%C3%B5es-Normativas-19_2020-RET-GAB_RET_IFBAIANO.pdf\">Instru\u00e7\u00e3o Normativa<\/a>&nbsp;com orienta\u00e7\u00f5es \u00e0s unidades do IF Baiano, quanto a medidas de prote\u00e7\u00e3o para enfrentamento da emerg\u00eancia de sa\u00fade p\u00fablica de import\u00e2ncia internacional decorrente do coronav\u00edrus (COVID-19), e consequente preserva\u00e7\u00e3o da seguran\u00e7a de estudantes e servidores efetivos e terceirizados.<\/p>\n","protected":false},"excerpt":{"rendered":"<p>.<\/p>\n","protected":false},"author":86,"featured_media":13371,"comment_status":"closed","ping_status":"closed","sticky":false,"template":"","format":"standard","meta":[],"categories":[1,57],"tags":[],"_links":{"self":[{"href":"https:\/\/www.ifbaiano.edu.br\/unidades\/santaines\/wp-json\/wp\/v2\/posts\/13368"}],"collection":[{"href":"https:\/\/www.ifbaiano.edu.br\/unidades\/santaines\/wp-json\/wp\/v2\/posts"}],"about":[{"href":"https:\/\/www.ifbaiano.edu.br\/unidades\/santaines\/wp-json\/wp\/v2\/types\/post"}],"author":[{"embeddable":true,"href":"https:\/\/www.ifbaiano.edu.br\/unidades\/santaines\/wp-json\/wp\/v2\/users\/86"}],"replies":[{"embeddable":true,"href":"https:\/\/www.ifbaiano.edu.br\/unidades\/santaines\/wp-json\/wp\/v2\/comments?post=13368"}],"version-history":[{"count":3,"href":"https:\/\/www.ifbaiano.edu.br\/unidades\/santaines\/wp-json\/wp\/v2\/posts\/13368\/revisions"}],"predecessor-version":[{"id":13372,"href":"https:\/\/www.ifbaiano.edu.br\/unidades\/santaines\/wp-json\/wp\/v2\/posts\/13368\/revisions\/13372"}],"wp:featuredmedia":[{"embeddable":true,"href":"https:\/\/www.ifbaiano.edu.br\/unidades\/santaines\/wp-json\/wp\/v2\/media\/13371"}],"wp:attachment":[{"href":"https:\/\/www.ifbaiano.edu.br\/unidades\/santaines\/wp-json\/wp\/v2\/media?parent=13368"}],"wp:term":[{"taxonomy":"category","embeddable":true,"href":"https:\/\/www.ifbaiano.edu.br\/unidades\/santaines\/wp-json\/wp\/v2\/categories?post=13368"},{"taxonomy":"post_tag","embeddable":true,"href":"https:\/\/www.ifbaiano.edu.br\/unidades\/santaines\/wp-json\/wp\/v2\/tags?post=13368"}],"curies":[{"name":"wp","href":"https:\/\/api.w.org\/{rel}","templated":true}]}}