{"id":1337,"date":"2012-03-05T17:28:06","date_gmt":"2012-03-05T20:28:06","guid":{"rendered":"http:\/\/www.ifbaiano.edu.br\/unidades\/santaines\/?p=1337"},"modified":"2012-03-07T14:23:55","modified_gmt":"2012-03-07T17:23:55","slug":"quarta-chamada-processo-seletivo-2012-cursos-subsequentes-e-integrados","status":"publish","type":"post","link":"https:\/\/www.ifbaiano.edu.br\/unidades\/santaines\/quarta-chamada-processo-seletivo-2012-cursos-subsequentes-e-integrados\/","title":{"rendered":"Quinta Chamada &#8211; Processo Seletivo 2012 cursos subsequentes e integrados"},"content":{"rendered":"<p>Per\u00edodo de matr\u00edcula: \u00a0 07\/03\/12, das 08:00 \u00e0s 17:00 horas na SECRETARIA DE REGISTROS ACAD\u00caMICOS (SRA) &#8211; IFBAIANO &#8211; CAMPUS SANTA IN\u00caS. O candidato que informou, no ato da inscri\u00e7\u00e3o, o interesse em participar da reserva de vaga prevista para Estudantes oriundos da Rede P\u00fablica, dever\u00e1 entregar, no ato da matr\u00edcula, documenta\u00e7\u00e3o que comprove ter estudado durante todo o Ensino Fundamental II (5\u00ba a 9\u00ba ano)ou todo o Ensino M\u00e9dio na Rede P\u00fablica de Ensino, respectivamente, para inscritos em cursos nas formas Integrada e Subsequente.<\/p>\n<p>Consulte a\u00a0 lista:<br \/>\n<a href=\"http:\/\/www.ifbaiano.edu.br\/unidades\/santaines\/files\/2012\/03\/APROVADO-INTEGRADO-5-CHAMADA.pdf\">APROVADO: INTEGRADO &#8211; 5\u00ba CHAMADA<\/a><\/p>\n","protected":false},"excerpt":{"rendered":"<p>Per\u00edodo de matr\u00edcula: \u00a0 07\/03\/12, das 08:00 \u00e0s 17:00 horas na SECRETARIA DE REGISTROS ACAD\u00caMICOS (SRA) &#8211; IFBAIANO &#8211; CAMPUS SANTA IN\u00caS. O candidato que informou, no ato da inscri\u00e7\u00e3o, o interesse em participar da reserva de vaga prevista para Estudantes oriundos da Rede P\u00fablica, dever\u00e1 entregar, no ato da matr\u00edcula, documenta\u00e7\u00e3o que comprove ter [&hellip;]<\/p>\n","protected":false},"author":26,"featured_media":0,"comment_status":"closed","ping_status":"closed","sticky":false,"template":"","format":"standard","meta":[],"categories":[8],"tags":[],"_links":{"self":[{"href":"https:\/\/www.ifbaiano.edu.br\/unidades\/santaines\/wp-json\/wp\/v2\/posts\/1337"}],"collection":[{"href":"https:\/\/www.ifbaiano.edu.br\/unidades\/santaines\/wp-json\/wp\/v2\/posts"}],"about":[{"href":"https:\/\/www.ifbaiano.edu.br\/unidades\/santaines\/wp-json\/wp\/v2\/types\/post"}],"author":[{"embeddable":true,"href":"https:\/\/www.ifbaiano.edu.br\/unidades\/santaines\/wp-json\/wp\/v2\/users\/26"}],"replies":[{"embeddable":true,"href":"https:\/\/www.ifbaiano.edu.br\/unidades\/santaines\/wp-json\/wp\/v2\/comments?post=1337"}],"version-history":[{"count":3,"href":"https:\/\/www.ifbaiano.edu.br\/unidades\/santaines\/wp-json\/wp\/v2\/posts\/1337\/revisions"}],"predecessor-version":[{"id":1339,"href":"https:\/\/www.ifbaiano.edu.br\/unidades\/santaines\/wp-json\/wp\/v2\/posts\/1337\/revisions\/1339"}],"wp:attachment":[{"href":"https:\/\/www.ifbaiano.edu.br\/unidades\/santaines\/wp-json\/wp\/v2\/media?parent=1337"}],"wp:term":[{"taxonomy":"category","embeddable":true,"href":"https:\/\/www.ifbaiano.edu.br\/unidades\/santaines\/wp-json\/wp\/v2\/categories?post=1337"},{"taxonomy":"post_tag","embeddable":true,"href":"https:\/\/www.ifbaiano.edu.br\/unidades\/santaines\/wp-json\/wp\/v2\/tags?post=1337"}],"curies":[{"name":"wp","href":"https:\/\/api.w.org\/{rel}","templated":true}]}}