{"id":13373,"date":"2020-03-18T22:54:54","date_gmt":"2020-03-19T01:54:54","guid":{"rendered":"https:\/\/www.ifbaiano.edu.br\/unidades\/santaines\/?p=13373"},"modified":"2020-03-18T23:45:44","modified_gmt":"2020-03-19T02:45:44","slug":"campus-santa-ines-divulga-suspensao-das-atividades-de-estagio","status":"publish","type":"post","link":"https:\/\/www.ifbaiano.edu.br\/unidades\/santaines\/campus-santa-ines-divulga-suspensao-das-atividades-de-estagio\/","title":{"rendered":"Campus Santa In\u00eas divulga suspens\u00e3o das atividades de est\u00e1gio"},"content":{"rendered":"\n<p>Considerando a declara\u00e7\u00e3o de pandemia de Coronav\u00edrus pela Organiza\u00e7\u00e3o Mundial da Sa\u00fade (OMS), emitida em 11 de mar\u00e7o de 2020;<br>Considerando a Portaria MEC n\u00ba 329, de 11 de mar\u00e7o de 2020;<br>Considerando a Nota Oficial do Comit\u00ea de Emerg\u00eancia do MEC, de 16 de mar\u00e7o de 2020;<br>Considerando Instru\u00e7\u00f5es Normativas 19\/2020 &#8211; RET-GAB\/RET\/IFBAIANO, DE 13 de mar\u00e7o de 2020;<br>Considerando a Portaria MEC n\u00ba 343, de 17 de mar\u00e7o de 2020;<br>Considerando a necessidade de controle e preven\u00e7\u00e3o do COVID \u2013 19 (novo corona v\u00edrus);<\/p>\n\n\n\n<p>O N\u00facleo de Rela\u00e7\u00f5es Institucionais &#8211; NRI, em di\u00e1logo com a Equipe Gestora do IF Baiano Campus Santa In\u00eas, considerou prudente refor\u00e7ar que ficam suspensas as atividades de est\u00e1gio curricular, obrigat\u00f3rio e n\u00e3o obrigat\u00f3rio, enquanto perdurar a suspens\u00e3o das atividades do IF Baiano, n\u00e3o sendo computadas horas de est\u00e1gio a partir desta data (18\/03\/2020), para efeito de cumprimento de carga hor\u00e1ria de atividades de est\u00e1gio.<\/p>\n\n\n\n<p>Recomenda-se \u00e0s unidades concedentes que tamb\u00e9m suspendam, temporariamente, as atividades supervisionadas dos(as) estagi\u00e1rios(as) que sejam estudantes matriculados em algum dos cursos oferecidos pelo IF Baiano Campus Santa In\u00eas.<\/p>\n\n\n\n<p>O NRI salienta que todos os prazos ser\u00e3o revistos e analisados, caso a caso, para que o discente n\u00e3o tenha preju\u00edzo. A recomenda\u00e7\u00e3o \u00e9 que todos os alunos fiquem em casa para que evitem qualquer tipo de contamina\u00e7\u00e3o.<\/p>\n","protected":false},"excerpt":{"rendered":"<p>Nota \u00e9 do N\u00facleo de Rela\u00e7\u00f5es Institucionais &#8211; NRI do Campus<\/p>\n","protected":false},"author":86,"featured_media":13375,"comment_status":"closed","ping_status":"closed","sticky":false,"template":"","format":"standard","meta":[],"categories":[4,10,57],"tags":[],"_links":{"self":[{"href":"https:\/\/www.ifbaiano.edu.br\/unidades\/santaines\/wp-json\/wp\/v2\/posts\/13373"}],"collection":[{"href":"https:\/\/www.ifbaiano.edu.br\/unidades\/santaines\/wp-json\/wp\/v2\/posts"}],"about":[{"href":"https:\/\/www.ifbaiano.edu.br\/unidades\/santaines\/wp-json\/wp\/v2\/types\/post"}],"author":[{"embeddable":true,"href":"https:\/\/www.ifbaiano.edu.br\/unidades\/santaines\/wp-json\/wp\/v2\/users\/86"}],"replies":[{"embeddable":true,"href":"https:\/\/www.ifbaiano.edu.br\/unidades\/santaines\/wp-json\/wp\/v2\/comments?post=13373"}],"version-history":[{"count":4,"href":"https:\/\/www.ifbaiano.edu.br\/unidades\/santaines\/wp-json\/wp\/v2\/posts\/13373\/revisions"}],"predecessor-version":[{"id":13378,"href":"https:\/\/www.ifbaiano.edu.br\/unidades\/santaines\/wp-json\/wp\/v2\/posts\/13373\/revisions\/13378"}],"wp:featuredmedia":[{"embeddable":true,"href":"https:\/\/www.ifbaiano.edu.br\/unidades\/santaines\/wp-json\/wp\/v2\/media\/13375"}],"wp:attachment":[{"href":"https:\/\/www.ifbaiano.edu.br\/unidades\/santaines\/wp-json\/wp\/v2\/media?parent=13373"}],"wp:term":[{"taxonomy":"category","embeddable":true,"href":"https:\/\/www.ifbaiano.edu.br\/unidades\/santaines\/wp-json\/wp\/v2\/categories?post=13373"},{"taxonomy":"post_tag","embeddable":true,"href":"https:\/\/www.ifbaiano.edu.br\/unidades\/santaines\/wp-json\/wp\/v2\/tags?post=13373"}],"curies":[{"name":"wp","href":"https:\/\/api.w.org\/{rel}","templated":true}]}}