{"id":13386,"date":"2020-03-23T18:47:02","date_gmt":"2020-03-23T21:47:02","guid":{"rendered":"https:\/\/www.ifbaiano.edu.br\/unidades\/santaines\/?p=13386"},"modified":"2020-03-23T18:47:02","modified_gmt":"2020-03-23T21:47:02","slug":"campus-santa-ines-adota-medidas-de-prevencao-e-protecao-durante-emergencia-decorrente-da-covid-19","status":"publish","type":"post","link":"https:\/\/www.ifbaiano.edu.br\/unidades\/santaines\/campus-santa-ines-adota-medidas-de-prevencao-e-protecao-durante-emergencia-decorrente-da-covid-19\/","title":{"rendered":"Campus Santa In\u00eas adota medidas de preven\u00e7\u00e3o e prote\u00e7\u00e3o durante emerg\u00eancia decorrente da Covid-19"},"content":{"rendered":"\n<p>O IF Baiano Campus Santa In\u00eas  publica Of\u00edcio Circular com orienta\u00e7\u00f5es e medidas adotadas para preven\u00e7\u00e3o e prote\u00e7\u00e3o da comunidade acad\u00eamica e p\u00fablico externo durante a emerg\u00eancia decorrente da COVID-19. <\/p>\n\n\n\n<p>O documento, em conson\u00e2ncia com a <a href=\"https:\/\/ifbaiano.edu.br\/portal\/wp-content\/uploads\/2020\/03\/Instru%C3%A7%C3%B5es-Normativas-19_2020-RET-GAB_RET_IFBAIANO.pdf\"><strong>Instru\u00e7\u00e3o Normativa n\u00ba 19\/2020, de 13 de mar\u00e7o de 2020<\/strong><\/a>, alterada pela<a href=\"https:\/\/ifbaiano.edu.br\/portal\/wp-content\/uploads\/2020\/03\/IN-20-2020.pdf\"><strong> Instru\u00e7\u00e3o Normativa n\u00ba 20\/2020, de 19 de mar\u00e7o de 2020<\/strong><\/a>, SUSPENDE, por tempo indeterminado, as atividades presenciais em todos os segmentos do IF Baiano.  <\/p>\n\n\n\n<p>As medidas foram adotadas  com o objetivo de viabilizar, dentro do poss\u00edvel, a assist\u00eancia \u00e0 Comunidade Acad\u00eamica durante esse per\u00edodo.<\/p>\n\n\n\n<p>Al\u00e9m da cria\u00e7\u00e3o do Comit\u00ea de Acompanhamento da COVID-19 no campus, o of\u00edcio registra a suspens\u00e3o de est\u00e1gios, orienta servidores, adota meios eletr\u00f4nicos como forma de solicita\u00e7\u00e3o de documenta\u00e7\u00f5es, processos, demandas, d\u00favidas e\/ou esclarecimentos,  disponibiliza meios de comunica\u00e7\u00e3o (e-mail institucional dos setores) para encaminhamento de d\u00favidas direcionadas, esclarece sobre  expectativas  que foram criadas pelos alunos, professores, pais e respons\u00e1veis, especialmente no que diz respeito a possibilidade de realiza\u00e7\u00e3o de aulas via de meios de Tecnologias da Informa\u00e7\u00e3o e Comunica\u00e7\u00e3o (TIC), comumente utilizados na oferta de cursos EAD, entre outras coisas.  <\/p>\n\n\n\n<p>Para acessar o Of\u00edcio, na \u00edntegra,<strong> <a href=\"https:\/\/www.ifbaiano.edu.br\/unidades\/santaines\/files\/2020\/03\/OFICIO-CIRCULAR-5-2020.pdf\">CLIQUE AQUI<\/a><\/strong><\/p>\n\n\n\n<p>O Anexo do of\u00edcio consta a lista de e-mail dos setores do Campus.  <strong><a href=\"https:\/\/www.ifbaiano.edu.br\/unidades\/santaines\/files\/2020\/03\/Anexo-Oficio-Circular-05.pdf\">CLIQUE AQUI<\/a><\/strong>  para consultar.  <\/p>\n\n\n\n<p><\/p>\n","protected":false},"excerpt":{"rendered":"<p>.<\/p>\n","protected":false},"author":86,"featured_media":0,"comment_status":"closed","ping_status":"closed","sticky":false,"template":"","format":"standard","meta":[],"categories":[4,10,57],"tags":[],"_links":{"self":[{"href":"https:\/\/www.ifbaiano.edu.br\/unidades\/santaines\/wp-json\/wp\/v2\/posts\/13386"}],"collection":[{"href":"https:\/\/www.ifbaiano.edu.br\/unidades\/santaines\/wp-json\/wp\/v2\/posts"}],"about":[{"href":"https:\/\/www.ifbaiano.edu.br\/unidades\/santaines\/wp-json\/wp\/v2\/types\/post"}],"author":[{"embeddable":true,"href":"https:\/\/www.ifbaiano.edu.br\/unidades\/santaines\/wp-json\/wp\/v2\/users\/86"}],"replies":[{"embeddable":true,"href":"https:\/\/www.ifbaiano.edu.br\/unidades\/santaines\/wp-json\/wp\/v2\/comments?post=13386"}],"version-history":[{"count":3,"href":"https:\/\/www.ifbaiano.edu.br\/unidades\/santaines\/wp-json\/wp\/v2\/posts\/13386\/revisions"}],"predecessor-version":[{"id":13391,"href":"https:\/\/www.ifbaiano.edu.br\/unidades\/santaines\/wp-json\/wp\/v2\/posts\/13386\/revisions\/13391"}],"wp:attachment":[{"href":"https:\/\/www.ifbaiano.edu.br\/unidades\/santaines\/wp-json\/wp\/v2\/media?parent=13386"}],"wp:term":[{"taxonomy":"category","embeddable":true,"href":"https:\/\/www.ifbaiano.edu.br\/unidades\/santaines\/wp-json\/wp\/v2\/categories?post=13386"},{"taxonomy":"post_tag","embeddable":true,"href":"https:\/\/www.ifbaiano.edu.br\/unidades\/santaines\/wp-json\/wp\/v2\/tags?post=13386"}],"curies":[{"name":"wp","href":"https:\/\/api.w.org\/{rel}","templated":true}]}}