{"id":13395,"date":"2020-04-01T10:56:33","date_gmt":"2020-04-01T13:56:33","guid":{"rendered":"https:\/\/www.ifbaiano.edu.br\/unidades\/santaines\/?p=13395"},"modified":"2020-04-01T10:58:30","modified_gmt":"2020-04-01T13:58:30","slug":"campus-santa-ines-divulga-informacoes-sobre-programa-de-assistencia-estudantil","status":"publish","type":"post","link":"https:\/\/www.ifbaiano.edu.br\/unidades\/santaines\/campus-santa-ines-divulga-informacoes-sobre-programa-de-assistencia-estudantil\/","title":{"rendered":"Campus Santa In\u00eas divulga informa\u00e7\u00f5es sobre Programa de Assist\u00eancia Estudantil"},"content":{"rendered":"\n<p>Considerando a suspens\u00e3o, por tempo indeterminado, das atividades presenciais do IF Baiano Campus Santa In\u00eas, devido a pandemia da COVID-19,  o N\u00facleo de Assist\u00eancia e Inclus\u00e3o Social do Estudante (NAISE), informa que o cronograma do Processo Seletivo do Programa de Assist\u00eancia e Inclus\u00e3o Social do Estudante &#8211; PAISE ser\u00e1 alterado. As informa\u00e7\u00f5es \u00e0 respeito das entrevistas, bem como, quaisquer altera\u00e7\u00f5es no <a href=\"https:\/\/concurso.ifbaiano.edu.br\/portal\/paise2020\/wp-content\/uploads\/sites\/319\/2020\/01\/Edital-N%C2%BA-05-PAISE-2020.pdf\"><strong>Edital n\u00ba 05\/2020<\/strong><\/a> que se fa\u00e7am necess\u00e1rias, ser\u00e3o divulgadas no momento oportuno.<\/p>\n\n\n\n<p>O NAISE informa, ainda que as entrevistas do Aux\u00edlio Moradia j\u00e1 foram conclu\u00eddas, estando pendentes as entrevistas dos Aux\u00edlios Transporte e Creche. A orienta\u00e7\u00e3o, para todos(as) os(as) estudantes  \u00e9 que fiquem atentos\/as \u00e0s publica\u00e7\u00f5es!<\/p>\n\n\n\n<p>As demais atividades do IF Baiano est\u00e3o sendo desenvolvidas observando-se o disposto na&nbsp;<a href=\"https:\/\/ifbaiano.edu.br\/portal\/wp-content\/uploads\/2020\/03\/Instru%C3%A7%C3%B5es-Normativas-19_2020-RET-GAB_RET_IFBAIANO.pdf\">IN IF Baiano n\u00b0 19, de 13 de mar\u00e7o de 2020<\/a>, modificada pela&nbsp;<a href=\"https:\/\/ifbaiano.edu.br\/portal\/wp-content\/uploads\/2020\/03\/IN-20-2020.pdf\">IN IF Baiano n\u00ba 20, de 19 de mar\u00e7o de 2020<\/a>.  <\/p>\n\n\n\n<p>O IF Baiano disponibilizou <a href=\"http:\/\/ifbaiano.edu.br\/portal\/coronavirus\/\"><strong>em seu site<\/strong><\/a> um espa\u00e7o exclusivo, com informa\u00e7\u00f5es sobre o combate ao coronav\u00edrus e as medidas de preven\u00e7\u00e3o adotada pelo instituto.  estudantes, servidores, colaboradores e a comunidade poder\u00e3o conferir documentos, normativas e as mais recentes defini\u00e7\u00f5es sobre a\u00e7\u00f5es e pr\u00e1ticas adotadas pelo IF Baiano.&nbsp; <\/p>\n","protected":false},"excerpt":{"rendered":"<p>.<\/p>\n","protected":false},"author":86,"featured_media":13380,"comment_status":"closed","ping_status":"closed","sticky":false,"template":"","format":"standard","meta":[],"categories":[4,10,57],"tags":[],"_links":{"self":[{"href":"https:\/\/www.ifbaiano.edu.br\/unidades\/santaines\/wp-json\/wp\/v2\/posts\/13395"}],"collection":[{"href":"https:\/\/www.ifbaiano.edu.br\/unidades\/santaines\/wp-json\/wp\/v2\/posts"}],"about":[{"href":"https:\/\/www.ifbaiano.edu.br\/unidades\/santaines\/wp-json\/wp\/v2\/types\/post"}],"author":[{"embeddable":true,"href":"https:\/\/www.ifbaiano.edu.br\/unidades\/santaines\/wp-json\/wp\/v2\/users\/86"}],"replies":[{"embeddable":true,"href":"https:\/\/www.ifbaiano.edu.br\/unidades\/santaines\/wp-json\/wp\/v2\/comments?post=13395"}],"version-history":[{"count":2,"href":"https:\/\/www.ifbaiano.edu.br\/unidades\/santaines\/wp-json\/wp\/v2\/posts\/13395\/revisions"}],"predecessor-version":[{"id":13397,"href":"https:\/\/www.ifbaiano.edu.br\/unidades\/santaines\/wp-json\/wp\/v2\/posts\/13395\/revisions\/13397"}],"wp:featuredmedia":[{"embeddable":true,"href":"https:\/\/www.ifbaiano.edu.br\/unidades\/santaines\/wp-json\/wp\/v2\/media\/13380"}],"wp:attachment":[{"href":"https:\/\/www.ifbaiano.edu.br\/unidades\/santaines\/wp-json\/wp\/v2\/media?parent=13395"}],"wp:term":[{"taxonomy":"category","embeddable":true,"href":"https:\/\/www.ifbaiano.edu.br\/unidades\/santaines\/wp-json\/wp\/v2\/categories?post=13395"},{"taxonomy":"post_tag","embeddable":true,"href":"https:\/\/www.ifbaiano.edu.br\/unidades\/santaines\/wp-json\/wp\/v2\/tags?post=13395"}],"curies":[{"name":"wp","href":"https:\/\/api.w.org\/{rel}","templated":true}]}}