{"id":13412,"date":"2020-04-27T15:45:42","date_gmt":"2020-04-27T18:45:42","guid":{"rendered":"https:\/\/www.ifbaiano.edu.br\/unidades\/santaines\/?p=13412"},"modified":"2020-04-27T17:03:40","modified_gmt":"2020-04-27T20:03:40","slug":"campus-santa-ines-publica-informativo-sobre-auxilio-estudantil","status":"publish","type":"post","link":"https:\/\/www.ifbaiano.edu.br\/unidades\/santaines\/campus-santa-ines-publica-informativo-sobre-auxilio-estudantil\/","title":{"rendered":"Campus Santa In\u00eas publica Informativo sobre Aux\u00edlio Estudantil"},"content":{"rendered":"\n<p>Considerando a suspens\u00e3o das atividades presenciais do IF Baiano Campus Santa In\u00eas, devido a pandemia da COVID-19 que imp\u00f4s momentos dif\u00edceis a milhares de pessoas e ciente da continuidade do atendimento aos estudantes em situa\u00e7\u00e3o de vulnerabilidade, assistidos pelo PAISE &#8211; Programa de Assist\u00eancia e Inclus\u00e3o Social do Estudante, o Diretor Geral do Campus Santa In\u00eas informa que, diante do exposto, \u00a0realizar\u00e1, a partir do m\u00eas de maio, o pagamento do Aux\u00edlio Moradia, aos estudantes selecionados por meio do Edital 05\/2020, no valor de R$250,00 (duzentos e cinquenta reais), por dois meses, podendo ser prorrogado.<\/p>\n\n\n\n<p>Ressalta-se que o valor definido para o momento, tem car\u00e1ter provis\u00f3rio e teve por base o recurso repassado para o Programa PAISE, mas, principalmente a impossibilidade de realiza\u00e7\u00e3o da consulta aos estudantes, por meio de assembleias, como garantia da participa\u00e7\u00e3o democr\u00e1tica da representa\u00e7\u00e3o estudantil, no que diz respeito \u00e0s fases\u00a0 que antecedem \u00e0 defini\u00e7\u00e3o dos valores de cada aux\u00edlio, como ocorre comumente no Campus Santa In\u00eas.<\/p>\n\n\n\n<p>Enquanto aguardamos o retorno das atividades, orientamos a todos(as) os(as) estudantes que fiquem atentos\/as \u00e0s publica\u00e7\u00f5es, pois quaisquer altera\u00e7\u00f5es no <a href=\"https:\/\/concurso.ifbaiano.edu.br\/portal\/paise2020\/wp-content\/uploads\/sites\/319\/2020\/01\/Edital-N\u00ba-05-PAISE-2020.pdf\">Edital n\u00ba 05\/2020<\/a> que se fa\u00e7am necess\u00e1rias, ser\u00e3o divulgadas no momento oportuno.<\/p>\n\n\n\n<p><strong><a href=\"https:\/\/www.ifbaiano.edu.br\/unidades\/santaines\/files\/2020\/04\/SELECAO-MORADIA-PAISE-2020-1.pdf\">CLIQUE AQUI <\/a><\/strong>para consultar a lista de estudantes selecionados.<\/p>\n\n\n\n<p>Em caso de d\u00favidas e outros esclarecimentos, entrar em contato com a Comiss\u00e3o Local de Assist\u00eancia Estudantil &#8211; CLAE, por meio das suas representa\u00e7\u00f5es estudantis.<\/p>\n","protected":false},"excerpt":{"rendered":"<p>.<\/p>\n","protected":false},"author":86,"featured_media":13202,"comment_status":"closed","ping_status":"closed","sticky":false,"template":"","format":"standard","meta":[],"categories":[4,38,10,57],"tags":[],"_links":{"self":[{"href":"https:\/\/www.ifbaiano.edu.br\/unidades\/santaines\/wp-json\/wp\/v2\/posts\/13412"}],"collection":[{"href":"https:\/\/www.ifbaiano.edu.br\/unidades\/santaines\/wp-json\/wp\/v2\/posts"}],"about":[{"href":"https:\/\/www.ifbaiano.edu.br\/unidades\/santaines\/wp-json\/wp\/v2\/types\/post"}],"author":[{"embeddable":true,"href":"https:\/\/www.ifbaiano.edu.br\/unidades\/santaines\/wp-json\/wp\/v2\/users\/86"}],"replies":[{"embeddable":true,"href":"https:\/\/www.ifbaiano.edu.br\/unidades\/santaines\/wp-json\/wp\/v2\/comments?post=13412"}],"version-history":[{"count":4,"href":"https:\/\/www.ifbaiano.edu.br\/unidades\/santaines\/wp-json\/wp\/v2\/posts\/13412\/revisions"}],"predecessor-version":[{"id":13420,"href":"https:\/\/www.ifbaiano.edu.br\/unidades\/santaines\/wp-json\/wp\/v2\/posts\/13412\/revisions\/13420"}],"wp:featuredmedia":[{"embeddable":true,"href":"https:\/\/www.ifbaiano.edu.br\/unidades\/santaines\/wp-json\/wp\/v2\/media\/13202"}],"wp:attachment":[{"href":"https:\/\/www.ifbaiano.edu.br\/unidades\/santaines\/wp-json\/wp\/v2\/media?parent=13412"}],"wp:term":[{"taxonomy":"category","embeddable":true,"href":"https:\/\/www.ifbaiano.edu.br\/unidades\/santaines\/wp-json\/wp\/v2\/categories?post=13412"},{"taxonomy":"post_tag","embeddable":true,"href":"https:\/\/www.ifbaiano.edu.br\/unidades\/santaines\/wp-json\/wp\/v2\/tags?post=13412"}],"curies":[{"name":"wp","href":"https:\/\/api.w.org\/{rel}","templated":true}]}}