{"id":13447,"date":"2020-05-05T11:04:14","date_gmt":"2020-05-05T14:04:14","guid":{"rendered":"https:\/\/www.ifbaiano.edu.br\/unidades\/santaines\/?p=13447"},"modified":"2020-05-05T14:58:54","modified_gmt":"2020-05-05T17:58:54","slug":"campus-santa-ines-faz-pesquisa-para-diagnostico-sobre-atividades-academicas-remotas","status":"publish","type":"post","link":"https:\/\/www.ifbaiano.edu.br\/unidades\/santaines\/campus-santa-ines-faz-pesquisa-para-diagnostico-sobre-atividades-academicas-remotas\/","title":{"rendered":"Pesquisa avalia as possibilidades de atividades acad\u00eamicas remotas para os estudantes dos cursos superiores do Campus Santa In\u00eas"},"content":{"rendered":"\n<p>Os estudantes e professores dos cursos superiores do IF Baiano Campus Santa In\u00eas est\u00e3o convidados a participarem da pesquisa \u201catividades acad\u00eamicas remotas\u201d. <\/p>\n\n\n\n<p>Desenvolvida pelos professores Guilherme Rodrigues &#8211;\u00a0 coordenador do curso de Bacharelado em Zootecnia, Lidiane Pinheiro \u2013 coordenadora do curso de Licenciatura em Ci\u00eancias Biol\u00f3gicas, S\u00edlvio M\u00e1rcio Machado \u2013 coordenador do curso de Licenciatura em Geografia e Ros\u00e2ngela Rodrigues &#8211; T\u00e9cnica em Educa\u00e7\u00e3o integrante do n\u00facleo pedag\u00f3gico. <\/p>\n\n\n\n<p>A pesquisa tem por objetivo subsidiar o IF Baiano Campus Santa In\u00eas quanto \u00e0 possibilidade de oferta de atividades remotas.<\/p>\n\n\n\n<p>Para acessar o formul\u00e1rio clique na categoria abaixo indicada:<\/p>\n\n\n\n<p><strong><a href=\"https:\/\/forms.gle\/SZhh9vdosj3MEVuG6\">DISCENTES DE GRADUA\u00c7\u00c3O<\/a><\/strong><\/p>\n\n\n\n<p><strong><a href=\"https:\/\/forms.gle\/cC7bECkaBZ7Ax3ea9\">DOCENTES<\/a><\/strong><\/p>\n","protected":false},"excerpt":{"rendered":"<p>Formul\u00e1rio deve ser respondido no per\u00edodo de 04 a 15 de maio de 2020<\/p>\n","protected":false},"author":86,"featured_media":0,"comment_status":"closed","ping_status":"closed","sticky":false,"template":"","format":"standard","meta":[],"categories":[4,12,10,57],"tags":[],"_links":{"self":[{"href":"https:\/\/www.ifbaiano.edu.br\/unidades\/santaines\/wp-json\/wp\/v2\/posts\/13447"}],"collection":[{"href":"https:\/\/www.ifbaiano.edu.br\/unidades\/santaines\/wp-json\/wp\/v2\/posts"}],"about":[{"href":"https:\/\/www.ifbaiano.edu.br\/unidades\/santaines\/wp-json\/wp\/v2\/types\/post"}],"author":[{"embeddable":true,"href":"https:\/\/www.ifbaiano.edu.br\/unidades\/santaines\/wp-json\/wp\/v2\/users\/86"}],"replies":[{"embeddable":true,"href":"https:\/\/www.ifbaiano.edu.br\/unidades\/santaines\/wp-json\/wp\/v2\/comments?post=13447"}],"version-history":[{"count":4,"href":"https:\/\/www.ifbaiano.edu.br\/unidades\/santaines\/wp-json\/wp\/v2\/posts\/13447\/revisions"}],"predecessor-version":[{"id":13451,"href":"https:\/\/www.ifbaiano.edu.br\/unidades\/santaines\/wp-json\/wp\/v2\/posts\/13447\/revisions\/13451"}],"wp:attachment":[{"href":"https:\/\/www.ifbaiano.edu.br\/unidades\/santaines\/wp-json\/wp\/v2\/media?parent=13447"}],"wp:term":[{"taxonomy":"category","embeddable":true,"href":"https:\/\/www.ifbaiano.edu.br\/unidades\/santaines\/wp-json\/wp\/v2\/categories?post=13447"},{"taxonomy":"post_tag","embeddable":true,"href":"https:\/\/www.ifbaiano.edu.br\/unidades\/santaines\/wp-json\/wp\/v2\/tags?post=13447"}],"curies":[{"name":"wp","href":"https:\/\/api.w.org\/{rel}","templated":true}]}}